{"id":29963,"date":"2026-02-07T17:26:28","date_gmt":"2026-02-07T20:26:28","guid":{"rendered":"https:\/\/medprovas.com.br\/blog\/?p=29963"},"modified":"2026-02-09T14:26:50","modified_gmt":"2026-02-09T17:26:50","slug":"psu-mg-complementar-2026-aremg-publica-editais-veja-onde-ha-mais-oportunidades","status":"publish","type":"post","link":"https:\/\/medprovas.com.br\/blog\/psu-mg-complementar-2026-aremg-publica-editais-veja-onde-ha-mais-oportunidades\/","title":{"rendered":"PSU-MG complementar 2026: AREMG publica editais; veja onde h\u00e1 mais oportunidades"},"content":{"rendered":"\n<figure class=\"wp-block-gallery has-nested-images columns-default is-cropped wp-block-gallery-1 is-layout-flex wp-block-gallery-is-layout-flex\">\n<figure class=\"wp-block-image size-large\"><img loading=\"lazy\" decoding=\"async\" width=\"1024\" height=\"683\" data-id=\"29964\" src=\"https:\/\/medprovas.com.br\/blog\/wp-content\/uploads\/2026\/02\/Design-sem-nome-1024x683.jpg\" alt=\"PSU-MG complementar 2026: Aremg divulga editais. Medic Curso revela aos candidatos e onde est\u00e3o as melhores chances. Confira\" class=\"wp-image-29964\" srcset=\"https:\/\/medprovas.com.br\/blog\/wp-content\/uploads\/2026\/02\/Design-sem-nome-1024x683.jpg 1024w, https:\/\/medprovas.com.br\/blog\/wp-content\/uploads\/2026\/02\/Design-sem-nome-300x200.jpg 300w, https:\/\/medprovas.com.br\/blog\/wp-content\/uploads\/2026\/02\/Design-sem-nome-768x512.jpg 768w, https:\/\/medprovas.com.br\/blog\/wp-content\/uploads\/2026\/02\/Design-sem-nome.jpg 1080w\" sizes=\"auto, (max-width: 1024px) 100vw, 1024px\" \/><\/figure>\n<\/figure>\n\n\n\n<p>A Associa\u00e7\u00e3o de Apoio \u00e0 Resid\u00eancia M\u00e9dica de Minas Gerais (AREMG) publicou os editais referentes ao Processo Seletivo Unificado Complementar para Resid\u00eancia M\u00e9dica de Minas Gerais \u2013 PSU-MG Complementar 2026. Nesta etapa, o processo re\u00fane 46 institui\u00e7\u00f5es participantes e ser\u00e1 composto por duas fases: uma prova objetiva, prevista para o dia 22 de fevereiro, e a an\u00e1lise curricular, cujo envio dever\u00e1 ser realizado dentro do prazo estabelecido no per\u00edodo de inscri\u00e7\u00f5es.<\/p>\n\n\n\n<p>A distribui\u00e7\u00e3o das vagas do PSU-MG Complementar 2026 revela um cen\u00e1rio importante para quem ainda busca uma oportunidade de ingresso na resid\u00eancia m\u00e9dica em Minas Gerais. Como se trata de um processo complementar, o perfil das vagas reflete, em grande parte, posi\u00e7\u00f5es remanescentes ap\u00f3s a chamada regular \u2014 o que exige do candidato uma an\u00e1lise estrat\u00e9gica para aumentar as chances de aprova\u00e7\u00e3o.<\/p>\n\n\n\n<div id=\"ez-toc-container\" class=\"ez-toc-v2_0_82_2 counter-flat ez-toc-counter ez-toc-custom ez-toc-container-direction\">\n<div class=\"ez-toc-title-container\">\n<p class=\"ez-toc-title\" style=\"cursor:inherit\">A seguir, voc\u00ea vai saber:<\/p>\n<span class=\"ez-toc-title-toggle\"><\/span><\/div>\n<nav><ul class='ez-toc-list ez-toc-list-level-1 ' ><li class='ez-toc-page-1'><a class=\"ez-toc-link ez-toc-heading-1\" href=\"https:\/\/medprovas.com.br\/blog\/psu-mg-complementar-2026-aremg-publica-editais-veja-onde-ha-mais-oportunidades\/#Perfil_geral_do_processo\" >Perfil geral do processo<\/a><\/li><li class='ez-toc-page-1'><a class=\"ez-toc-link ez-toc-heading-2\" href=\"https:\/\/medprovas.com.br\/blog\/psu-mg-complementar-2026-aremg-publica-editais-veja-onde-ha-mais-oportunidades\/#Ranking_das_especialidades_com_maior_numero_de_vagas\" >Ranking das especialidades com maior n\u00famero de vagas<\/a><\/li><li class='ez-toc-page-1'><a class=\"ez-toc-link ez-toc-heading-3\" href=\"https:\/\/medprovas.com.br\/blog\/psu-mg-complementar-2026-aremg-publica-editais-veja-onde-ha-mais-oportunidades\/#Especialidades_com_maior_oferta\" >Especialidades com maior oferta<\/a><\/li><li class='ez-toc-page-1'><a class=\"ez-toc-link ez-toc-heading-4\" href=\"https:\/\/medprovas.com.br\/blog\/psu-mg-complementar-2026-aremg-publica-editais-veja-onde-ha-mais-oportunidades\/#O_que_esse_cenario_indica_para_a_preparacao\" >O que esse cen\u00e1rio indica para a prepara\u00e7\u00e3o<\/a><\/li><li class='ez-toc-page-1'><a class=\"ez-toc-link ez-toc-heading-5\" href=\"https:\/\/medprovas.com.br\/blog\/psu-mg-complementar-2026-aremg-publica-editais-veja-onde-ha-mais-oportunidades\/#Como_usar_essas_informacoes_na_pratica\" >Como usar essas informa\u00e7\u00f5es na pr\u00e1tica<\/a><\/li><li class='ez-toc-page-1'><a class=\"ez-toc-link ez-toc-heading-6\" href=\"https:\/\/medprovas.com.br\/blog\/psu-mg-complementar-2026-aremg-publica-editais-veja-onde-ha-mais-oportunidades\/#Vagas_PSU-MG_Complementar_2026\" >Vagas PSU-MG Complementar 2026<\/a><\/li><\/ul><\/nav><\/div>\n<h2 class=\"wp-block-heading\" id=\"h-perfil-geral-do-processo\"><span class=\"ez-toc-section\" id=\"Perfil_geral_do_processo\"><\/span>Perfil geral do processo<span class=\"ez-toc-section-end\"><\/span><\/h2>\n\n\n\n<p>Um dos principais pontos observados \u00e9 a <strong>descentraliza\u00e7\u00e3o das oportunidades<\/strong>. H\u00e1 forte participa\u00e7\u00e3o de institui\u00e7\u00f5es localizadas no interior do estado, com destaque para cidades como:<\/p>\n\n\n\n<ul class=\"wp-block-list\">\n<li>Juiz de Fora<\/li>\n\n\n\n<li>Governador Valadares<\/li>\n\n\n\n<li>Passos<\/li>\n\n\n\n<li>Muria\u00e9<\/li>\n\n\n\n<li>Barbacena<\/li>\n\n\n\n<li>Itajub\u00e1<\/li>\n\n\n\n<li>Montes Claros<\/li>\n<\/ul>\n\n\n\n<p>Esse cen\u00e1rio indica que o PSU complementar representa uma excelente oportunidade para candidatos com maior flexibilidade geogr\u00e1fica, especialmente aqueles dispostos a realizar a forma\u00e7\u00e3o fora dos grandes centros.<\/p>\n\n\n\n<p>Al\u00e9m disso, o processo mant\u00e9m a diversidade de especialidades, contemplando tanto \u00e1reas b\u00e1sicas quanto programas de acesso direto e \u00e1reas com pr\u00e9-requisito.<\/p>\n\n\n\n<h2 class=\"wp-block-heading\"><span class=\"ez-toc-section\" id=\"Ranking_das_especialidades_com_maior_numero_de_vagas\"><\/span>Ranking das especialidades com maior n\u00famero de vagas<span class=\"ez-toc-section-end\"><\/span><\/h2>\n\n\n\n<p>A an\u00e1lise quantitativa mostra uma concentra\u00e7\u00e3o de oportunidades em algumas \u00e1reas espec\u00edficas, o que pode orientar a estrat\u00e9gia de escolha do candidato.<\/p>\n\n\n\n<h3 class=\"wp-block-heading\"><span class=\"ez-toc-section\" id=\"Especialidades_com_maior_oferta\"><\/span>Especialidades com maior oferta<span class=\"ez-toc-section-end\"><\/span><\/h3>\n\n\n\n<ol class=\"wp-block-list\">\n<li><strong>Oncologia Cl\u00ednica<\/strong> \u2013 cerca de 16 vagas<\/li>\n\n\n\n<li><strong>Nefrologia<\/strong> \u2013 aproximadamente 15 vagas<\/li>\n\n\n\n<li><strong>Medicina Intensiva<\/strong> \u2013 mais de 14 vagas distribu\u00eddas em diferentes institui\u00e7\u00f5es<\/li>\n\n\n\n<li><strong>Pediatria<\/strong> \u2013 cerca de 10 vagas<\/li>\n\n\n\n<li><strong>Neonatologia<\/strong> \u2013 aproximadamente 8 vagas<\/li>\n\n\n\n<li><strong>Ortopedia e Traumatologia<\/strong> \u2013 cerca de 7 vagas<\/li>\n\n\n\n<li><strong>Medicina Paliativa<\/strong> \u2013 cerca de 6 vagas<\/li>\n\n\n\n<li><strong>Oftalmologia<\/strong> \u2013 cerca de 6 vagas<\/li>\n<\/ol>\n\n\n\n<p>Tamb\u00e9m aparecem com n\u00famero relevante de oportunidades:<\/p>\n\n\n\n<ul class=\"wp-block-list\">\n<li><strong>Cl\u00ednica M\u00e9dica<\/strong><\/li>\n\n\n\n<li><strong>Cirurgia Geral<\/strong><\/li>\n\n\n\n<li><strong>Ginecologia e Obstetr\u00edcia<\/strong><\/li>\n\n\n\n<li><strong>Radiologia e Diagn\u00f3stico por Imagem<\/strong><\/li>\n<\/ul>\n\n\n\n<hr class=\"wp-block-separator has-alpha-channel-opacity\"\/>\n\n\n\n<h2 class=\"wp-block-heading\"><span class=\"ez-toc-section\" id=\"O_que_esse_cenario_indica_para_a_preparacao\"><\/span>O que esse cen\u00e1rio indica para a prepara\u00e7\u00e3o<span class=\"ez-toc-section-end\"><\/span><\/h2>\n\n\n\n<p>Alguns pontos estrat\u00e9gicos podem ser extra\u00eddos dessa distribui\u00e7\u00e3o:<\/p>\n\n\n\n<ul class=\"wp-block-list\">\n<li><strong>\u00c1reas cl\u00ednicas com pr\u00e9-requisito concentram muitas vagas<\/strong>, especialmente Oncologia Cl\u00ednica, Nefrologia e Medicina Intensiva;<\/li>\n\n\n\n<li><strong>Especialidades hospitalares essenciais<\/strong> (Cl\u00ednica M\u00e9dica, Pediatria, Cirurgia Geral) continuam sendo importantes portas de entrada;<\/li>\n\n\n\n<li>O n\u00famero expressivo de vagas em \u00e1reas como Medicina Intensiva e Oncologia reflete a <strong>alta demanda assistencial do sistema de sa\u00fade<\/strong>, especialmente em servi\u00e7os de m\u00e9dia e alta complexidade;<\/li>\n\n\n\n<li>A predomin\u00e2ncia de vagas no interior sugere menor concorr\u00eancia em compara\u00e7\u00e3o com grandes capitais, o que pode representar uma vantagem estrat\u00e9gica.<\/li>\n<\/ul>\n\n\n\n<hr class=\"wp-block-separator has-alpha-channel-opacity\"\/>\n\n\n\n<h2 class=\"wp-block-heading\"><span class=\"ez-toc-section\" id=\"Como_usar_essas_informacoes_na_pratica\"><\/span>Como usar essas informa\u00e7\u00f5es na pr\u00e1tica<span class=\"ez-toc-section-end\"><\/span><\/h2>\n\n\n\n<p>Para o candidato que participar\u00e1 do PSU-MG Complementar 2026, a an\u00e1lise do perfil das vagas pode orientar decis\u00f5es importantes:<\/p>\n\n\n\n<ul class=\"wp-block-list\">\n<li>Avaliar a possibilidade de concorrer em institui\u00e7\u00f5es fora da capital;<\/li>\n\n\n\n<li>Priorizar especialidades com maior n\u00famero de vagas, quando houver interesse ou pr\u00e9-requisito compat\u00edvel;<\/li>\n\n\n\n<li>Direcionar a revis\u00e3o final para \u00e1reas com maior presen\u00e7a no processo;<\/li>\n\n\n\n<li>Entender o car\u00e1ter do processo complementar, que costuma ter <strong>perfil mais competitivo por vaga<\/strong>, mas com oportunidades reais para candidatos bem preparados.<\/li>\n<\/ul>\n\n\n\n<p>Em um cen\u00e1rio de alta concorr\u00eancia nacional por vagas de resid\u00eancia m\u00e9dica, o PSU complementar representa uma chance estrat\u00e9gica de ingresso \u2014 especialmente para quem mant\u00e9m organiza\u00e7\u00e3o, flexibilidade e foco na etapa final de prepara\u00e7\u00e3o.<\/p>\n\n\n\n<p>A seguir, confira os principais pontos do processo seletivo.<\/p>\n\n\n\n<figure class=\"wp-block-table is-style-stripes\"><table class=\"has-black-color has-vivid-green-cyan-background-color has-text-color has-background has-link-color has-fixed-layout\"><tbody><tr><td><strong>Inscri\u00e7\u00f5es e envio de curr\u00edculo<\/strong><\/td><td><strong>12 a 13\/02\/2026<\/strong><\/td><\/tr><tr><td><strong>Taxa de Inscri\u00e7\u00e3o <\/strong><\/td><td><strong>R$ 270,00<\/strong><\/td><\/tr><tr><td><strong>Processo seletivo<\/strong><\/td><td><strong>1\u00aa etapa : Prova Objetiva<br>2\u00aa etapa : An\u00e1lise Curricular<\/strong><\/td><\/tr><tr><td><strong>Prova Objetiva e divulga\u00e7\u00e3o do Gabarito Preliminar<\/strong><\/td><td><strong>22\/02\/2026<\/strong><\/td><\/tr><tr><td><strong>Resultado Final <\/strong><\/td><td><strong>26\/02\/2026<\/strong><\/td><\/tr><\/tbody><\/table><\/figure>\n\n\n\n<h2 class=\"wp-block-heading\" id=\"h-vagas-psu-mg-complementar-2026\"><span class=\"ez-toc-section\" id=\"Vagas_PSU-MG_Complementar_2026\"><\/span>Vagas PSU-MG Complementar 2026<span class=\"ez-toc-section-end\"><\/span><\/h2>\n\n\n\n<figure class=\"wp-block-table\"><table class=\"has-fixed-layout\"><thead><tr><th>Institui\u00e7\u00e3o<\/th><th>Especialidade<\/th><th>Vagas<\/th><\/tr><\/thead><tbody><tr><td>Hospital e Maternidade Therezinha de Jesus<\/td><td>Alergia e Imunologia<\/td><td>1<\/td><\/tr><tr><td>Instituto Brasileiro de Gest\u00e3o da Sa\u00fade<\/td><td>Anestesiologia<\/td><td>1<\/td><\/tr><tr><td>Santa Casa de Miseric\u00f3rdia de Passos<\/td><td>Anestesiologia<\/td><td>4<\/td><\/tr><tr><td>Hospital Ibiapaba \u2013 Barbacena<\/td><td>Cardiologia<\/td><td>1<\/td><\/tr><tr><td>Complexo de Sa\u00fade S\u00e3o Jo\u00e3o de Deus<\/td><td>Cardiologia<\/td><td>1<\/td><\/tr><tr><td>Hospital Aroldo Tourinho \u2013 Montes Claros<\/td><td>Cardiologia<\/td><td>1<\/td><\/tr><tr><td>Funda\u00e7\u00e3o Instituto Cl\u00ednico Juiz de Fora<\/td><td>Cardiologia<\/td><td>2<\/td><\/tr><tr><td>Hospital Bom Samaritano \u2013 Governador Valadares<\/td><td>Cardiologia<\/td><td>2<\/td><\/tr><tr><td>Hospital Santa L\u00facia<\/td><td>Cardiologia<\/td><td>3<\/td><\/tr><tr><td>Santa Casa de Miseric\u00f3rdia de Passos<\/td><td>Cardiologia<\/td><td>1<\/td><\/tr><tr><td>Casa de Caridade de Carangola<\/td><td>Cardiologia<\/td><td>1<\/td><\/tr><tr><td>Funda\u00e7\u00e3o Arnaldo Gavazza Filho<\/td><td>Cardiologia<\/td><td>1<\/td><\/tr><tr><td>Irmandade Nossa Senhora das Gra\u00e7as<\/td><td>Cardiologia<\/td><td>2<\/td><\/tr><tr><td>Funda\u00e7\u00e3o Hospitalar S\u00e3o Francisco de Assis<\/td><td>Cirurgia Bari\u00e1trica<\/td><td>1<\/td><\/tr><tr><td>Instituto Brasileiro de Gest\u00e3o da Sa\u00fade<\/td><td>Cirurgia Cardiovascular<\/td><td>2<\/td><\/tr><tr><td>Hospital Risoleta Tolentino Neves<\/td><td>Cirurgia do Trauma<\/td><td>5<\/td><\/tr><tr><td>UNIVALE<\/td><td>Cirurgia Geral<\/td><td>2<\/td><\/tr><tr><td>Hospital e Maternidade S\u00e3o Jos\u00e9<\/td><td>Cirurgia Geral<\/td><td>1<\/td><\/tr><tr><td>Hospital Regional Imaculada Concei\u00e7\u00e3o<\/td><td>Cirurgia Geral<\/td><td>2<\/td><\/tr><tr><td>Sociedade Beneficente da Sagrada Fam\u00edlia<\/td><td>Cirurgia Geral<\/td><td>3<\/td><\/tr><tr><td>Funda\u00e7\u00e3o Hospital Ouro Branco<\/td><td>Cirurgia Geral<\/td><td>1<\/td><\/tr><tr><td>Instituto Brasileiro de Gest\u00e3o da Sa\u00fade<\/td><td>Cirurgia Geral<\/td><td>1<\/td><\/tr><tr><td>Hospital H\u00e9lio Angotti<\/td><td>Cirurgia Oncol\u00f3gica<\/td><td>1<\/td><\/tr><tr><td>Hospital Ibiapaba<\/td><td>Cirurgia Oncol\u00f3gica<\/td><td>2<\/td><\/tr><tr><td>Funda\u00e7\u00e3o Instituto Cl\u00ednico Juiz de Fora<\/td><td>Cirurgia Oncol\u00f3gica<\/td><td>2<\/td><\/tr><tr><td>Instituto Brasileiro de Gest\u00e3o da Sa\u00fade<\/td><td>Cirurgia Oncol\u00f3gica<\/td><td>2<\/td><\/tr><tr><td>Santa Casa de Miseric\u00f3rdia de Passos<\/td><td>Cirurgia Oncol\u00f3gica<\/td><td>1<\/td><\/tr><tr><td>Hospital do C\u00e2ncer de Muria\u00e9<\/td><td>Cirurgia Tor\u00e1cica<\/td><td>1<\/td><\/tr><tr><td>Complexo de Sa\u00fade S\u00e3o Jo\u00e3o de Deus<\/td><td>Cirurgia Vascular<\/td><td>2<\/td><\/tr><tr><td>Hospital Ibiapaba<\/td><td>Cl\u00ednica M\u00e9dica<\/td><td>2<\/td><\/tr><tr><td>UNIVALE<\/td><td>Cl\u00ednica M\u00e9dica<\/td><td>2<\/td><\/tr><tr><td>Hospital Santa Rita<\/td><td>Cl\u00ednica M\u00e9dica<\/td><td>7<\/td><\/tr><tr><td>Hospital e Maternidade Therezinha de Jesus<\/td><td>Coloproctologia<\/td><td>1<\/td><\/tr><tr><td>UFOP<\/td><td>Endoscopia<\/td><td>2<\/td><\/tr><tr><td>Associa\u00e7\u00e3o Hospitalar Santa Ros\u00e1lia<\/td><td>Ginecologia e Obstetr\u00edcia<\/td><td>2<\/td><\/tr><tr><td>UNIVALE<\/td><td>Ginecologia e Obstetr\u00edcia<\/td><td>2<\/td><\/tr><tr><td>Sociedade Beneficente da Sagrada Fam\u00edlia<\/td><td>Ginecologia e Obstetr\u00edcia<\/td><td>2<\/td><\/tr><tr><td>Hospital do C\u00e2ncer de Muria\u00e9<\/td><td>Hematologia e Hemoterapia<\/td><td>1<\/td><\/tr><tr><td>Hospital de Cl\u00ednicas de Itajub\u00e1<\/td><td>Hemodin\u00e2mica (\u00c1rea de Atua\u00e7\u00e3o)<\/td><td>1<\/td><\/tr><tr><td>Hospital Regional de Betim<\/td><td>Homeopatia<\/td><td>2<\/td><\/tr><tr><td>Hospital e Maternidade Therezinha de Jesus<\/td><td>Infectologia<\/td><td>1<\/td><\/tr><tr><td>Instituto \u00c2nima<\/td><td>Medicina de Emerg\u00eancia<\/td><td>2<\/td><\/tr><tr><td>UNIVALE<\/td><td>Medicina de Fam\u00edlia e Comunidade<\/td><td>2<\/td><\/tr><tr><td>Diversas institui\u00e7\u00f5es<\/td><td>Medicina Intensiva<\/td><td>14+ (distribu\u00eddas)<\/td><\/tr><tr><td>SMS Governador Valadares<\/td><td>Medicina Intensiva Pedi\u00e1trica<\/td><td>2<\/td><\/tr><tr><td>Hospital Vila da Serra<\/td><td>Medicina Intensiva Pedi\u00e1trica<\/td><td>2<\/td><\/tr><tr><td>Diversas institui\u00e7\u00f5es<\/td><td>Medicina Paliativa<\/td><td>6<\/td><\/tr><tr><td>Diversas institui\u00e7\u00f5es<\/td><td>Nefrologia<\/td><td>15<\/td><\/tr><tr><td>Hospital e Maternidade Therezinha de Jesus<\/td><td>Neonatologia <\/td><td>2<\/td><\/tr><tr><td>Diversas institui\u00e7\u00f5es<\/td><td>Neonatologia<\/td><td>6<\/td><\/tr><tr><td>Complexo S\u00e3o Jo\u00e3o de Deus<\/td><td>Neurocirurgia<\/td><td>1<\/td><\/tr><tr><td>Hospital Metropolitano Dr. C\u00e9lio de Castro<\/td><td>Neurologia<\/td><td>3<\/td><\/tr><tr><td>Santa Casa de Po\u00e7os de Caldas<\/td><td>Nutrologia<\/td><td>2<\/td><\/tr><tr><td>Diversas institui\u00e7\u00f5es<\/td><td>Oftalmologia<\/td><td>6<\/td><\/tr><tr><td>Diversas institui\u00e7\u00f5es<\/td><td>Oncologia Cl\u00ednica<\/td><td>16<\/td><\/tr><tr><td>Instituto Brasileiro de Gest\u00e3o da Sa\u00fade<\/td><td>Oncologia Pedi\u00e1trica<\/td><td>2<\/td><\/tr><tr><td>Diversas institui\u00e7\u00f5es<\/td><td>Ortopedia e Traumatologia<\/td><td>7<\/td><\/tr><tr><td>Diversas institui\u00e7\u00f5es<\/td><td>Otorrinolaringologia<\/td><td>3<\/td><\/tr><tr><td>Diversas institui\u00e7\u00f5es<\/td><td>Pediatria<\/td><td>10<\/td><\/tr><tr><td>Hospital e Maternidade Therezinha de Jesus<\/td><td>Radiologia e Diagn\u00f3stico por Imagem<\/td><td>1<\/td><\/tr><tr><td>Sociedade Beneficente da Sagrada Fam\u00edlia<\/td><td>Radiologia e Diagn\u00f3stico por Imagem<\/td><td>2<\/td><\/tr><\/tbody><\/table><\/figure>\n\n\n\n<p>Acompanhe tudo com o <a href=\"https:\/\/mediccurso.com.br\/\">Medic Curso<\/a>, o seu curso para a Resid\u00eancia M\u00e9dica, o \u00fanico com o maior banco de quest\u00f5es reais de provas de Resid\u00eancia M\u00e9dica, o <a href=\"https:\/\/mediccurso.com.br\/medprovas\/\">MedProvas<\/a>. Medic Curso R1 e Medprovas s\u00e3o o caminho certo para a sua aprova\u00e7\u00e3o.<\/p>\n\n\n\n<p><\/p>\n","protected":false},"excerpt":{"rendered":"<p>PSU-MG complementar 2026: Aremg divulga editais. Medic Curso revela aos candidatos e onde est\u00e3o as melhores chances. Confira<\/p>\n","protected":false},"author":3,"featured_media":29964,"comment_status":"open","ping_status":"open","sticky":false,"template":"","format":"standard","meta":{"_acf_changed":false,"footnotes":""},"categories":[2638,2759,2663,10],"tags":[],"class_list":["post-29963","post","type-post","status-publish","format-standard","has-post-thumbnail","hentry","category-destaque","category-editais-calendario-de-provas","category-especiais","category-residencia-medica"],"acf":[],"gutentor_comment":0,"yoast_head":"<!-- This site is optimized with the Yoast SEO Premium plugin v25.5 (Yoast SEO v25.5) - https:\/\/yoast.com\/wordpress\/plugins\/seo\/ -->\n<title>PSU-MG complementar 2026: AREMG publica editais; veja onde h\u00e1 mais oportunidades - MedProvas<\/title>\n<meta name=\"description\" content=\"PSU-MG complementar 2026: Aremg divulga editais. Medic Curso revela aos candidatos e onde est\u00e3o as melhores chances. Confira\" \/>\n<meta name=\"robots\" content=\"index, follow, max-snippet:-1, max-image-preview:large, max-video-preview:-1\" \/>\n<link rel=\"canonical\" href=\"https:\/\/medprovas.com.br\/blog\/psu-mg-complementar-2026-aremg-publica-editais-veja-onde-ha-mais-oportunidades\/\" \/>\n<meta property=\"og:locale\" content=\"pt_BR\" \/>\n<meta property=\"og:type\" content=\"article\" \/>\n<meta property=\"og:title\" content=\"PSU-MG complementar 2026: AREMG publica editais; veja onde h\u00e1 mais oportunidades\" \/>\n<meta property=\"og:description\" content=\"PSU-MG complementar 2026: Aremg divulga editais. Medic Curso revela aos candidatos e onde est\u00e3o as melhores chances. Confira\" \/>\n<meta property=\"og:url\" content=\"https:\/\/medprovas.com.br\/blog\/psu-mg-complementar-2026-aremg-publica-editais-veja-onde-ha-mais-oportunidades\/\" \/>\n<meta property=\"og:site_name\" content=\"MedProvas\" \/>\n<meta property=\"article:publisher\" content=\"https:\/\/www.facebook.com\/revisamedRM\" \/>\n<meta property=\"article:published_time\" content=\"2026-02-07T20:26:28+00:00\" \/>\n<meta property=\"article:modified_time\" content=\"2026-02-09T17:26:50+00:00\" \/>\n<meta property=\"og:image\" content=\"https:\/\/medprovas.com.br\/blog\/wp-content\/uploads\/2026\/02\/Design-sem-nome.jpg\" \/>\n\t<meta property=\"og:image:width\" content=\"1080\" \/>\n\t<meta property=\"og:image:height\" content=\"720\" \/>\n\t<meta property=\"og:image:type\" content=\"image\/jpeg\" \/>\n<meta name=\"author\" content=\"Revisamed\" \/>\n<meta name=\"twitter:card\" content=\"summary_large_image\" \/>\n<meta name=\"twitter:creator\" content=\"@RevisamedRM\" \/>\n<meta name=\"twitter:site\" content=\"@RevisamedRM\" \/>\n<meta name=\"twitter:label1\" content=\"Escrito por\" \/>\n\t<meta name=\"twitter:data1\" content=\"Revisamed\" \/>\n\t<meta name=\"twitter:label2\" content=\"Est. tempo de leitura\" \/>\n\t<meta name=\"twitter:data2\" content=\"7 minutos\" \/>\n<script type=\"application\/ld+json\" class=\"yoast-schema-graph\">{\"@context\":\"https:\/\/schema.org\",\"@graph\":[{\"@type\":\"Article\",\"@id\":\"https:\/\/medprovas.com.br\/blog\/psu-mg-complementar-2026-aremg-publica-editais-veja-onde-ha-mais-oportunidades\/#article\",\"isPartOf\":{\"@id\":\"https:\/\/medprovas.com.br\/blog\/psu-mg-complementar-2026-aremg-publica-editais-veja-onde-ha-mais-oportunidades\/\"},\"author\":{\"name\":\"Revisamed\",\"@id\":\"https:\/\/medprovas.com.br\/blog\/#\/schema\/person\/79121322845f0fd65eae5c73613d9cbe\"},\"headline\":\"PSU-MG complementar 2026: AREMG publica editais; veja onde h\u00e1 mais oportunidades\",\"datePublished\":\"2026-02-07T20:26:28+00:00\",\"dateModified\":\"2026-02-09T17:26:50+00:00\",\"mainEntityOfPage\":{\"@id\":\"https:\/\/medprovas.com.br\/blog\/psu-mg-complementar-2026-aremg-publica-editais-veja-onde-ha-mais-oportunidades\/\"},\"wordCount\":1155,\"commentCount\":0,\"publisher\":{\"@id\":\"https:\/\/medprovas.com.br\/blog\/#organization\"},\"image\":{\"@id\":\"https:\/\/medprovas.com.br\/blog\/psu-mg-complementar-2026-aremg-publica-editais-veja-onde-ha-mais-oportunidades\/#primaryimage\"},\"thumbnailUrl\":\"https:\/\/medprovas.com.br\/blog\/wp-content\/uploads\/2026\/02\/Design-sem-nome.jpg\",\"articleSection\":[\"Destaque\",\"Editais\",\"Especiais\",\"Resid\u00eancia M\u00e9dica\"],\"inLanguage\":\"pt-BR\",\"potentialAction\":[{\"@type\":\"CommentAction\",\"name\":\"Comment\",\"target\":[\"https:\/\/medprovas.com.br\/blog\/psu-mg-complementar-2026-aremg-publica-editais-veja-onde-ha-mais-oportunidades\/#respond\"]}]},{\"@type\":\"WebPage\",\"@id\":\"https:\/\/medprovas.com.br\/blog\/psu-mg-complementar-2026-aremg-publica-editais-veja-onde-ha-mais-oportunidades\/\",\"url\":\"https:\/\/medprovas.com.br\/blog\/psu-mg-complementar-2026-aremg-publica-editais-veja-onde-ha-mais-oportunidades\/\",\"name\":\"PSU-MG complementar 2026: AREMG publica editais; veja onde h\u00e1 mais oportunidades - MedProvas\",\"isPartOf\":{\"@id\":\"https:\/\/medprovas.com.br\/blog\/#website\"},\"primaryImageOfPage\":{\"@id\":\"https:\/\/medprovas.com.br\/blog\/psu-mg-complementar-2026-aremg-publica-editais-veja-onde-ha-mais-oportunidades\/#primaryimage\"},\"image\":{\"@id\":\"https:\/\/medprovas.com.br\/blog\/psu-mg-complementar-2026-aremg-publica-editais-veja-onde-ha-mais-oportunidades\/#primaryimage\"},\"thumbnailUrl\":\"https:\/\/medprovas.com.br\/blog\/wp-content\/uploads\/2026\/02\/Design-sem-nome.jpg\",\"datePublished\":\"2026-02-07T20:26:28+00:00\",\"dateModified\":\"2026-02-09T17:26:50+00:00\",\"description\":\"PSU-MG complementar 2026: Aremg divulga editais. Medic Curso revela aos candidatos e onde est\u00e3o as melhores chances. Confira\",\"breadcrumb\":{\"@id\":\"https:\/\/medprovas.com.br\/blog\/psu-mg-complementar-2026-aremg-publica-editais-veja-onde-ha-mais-oportunidades\/#breadcrumb\"},\"inLanguage\":\"pt-BR\",\"potentialAction\":[{\"@type\":\"ReadAction\",\"target\":[\"https:\/\/medprovas.com.br\/blog\/psu-mg-complementar-2026-aremg-publica-editais-veja-onde-ha-mais-oportunidades\/\"]}]},{\"@type\":\"ImageObject\",\"inLanguage\":\"pt-BR\",\"@id\":\"https:\/\/medprovas.com.br\/blog\/psu-mg-complementar-2026-aremg-publica-editais-veja-onde-ha-mais-oportunidades\/#primaryimage\",\"url\":\"https:\/\/medprovas.com.br\/blog\/wp-content\/uploads\/2026\/02\/Design-sem-nome.jpg\",\"contentUrl\":\"https:\/\/medprovas.com.br\/blog\/wp-content\/uploads\/2026\/02\/Design-sem-nome.jpg\",\"width\":1080,\"height\":720},{\"@type\":\"BreadcrumbList\",\"@id\":\"https:\/\/medprovas.com.br\/blog\/psu-mg-complementar-2026-aremg-publica-editais-veja-onde-ha-mais-oportunidades\/#breadcrumb\",\"itemListElement\":[{\"@type\":\"ListItem\",\"position\":1,\"name\":\"In\u00edcio\",\"item\":\"https:\/\/medprovas.com.br\/blog\/\"},{\"@type\":\"ListItem\",\"position\":2,\"name\":\"PSU-MG complementar 2026: AREMG publica editais; veja onde h\u00e1 mais oportunidades\"}]},{\"@type\":\"WebSite\",\"@id\":\"https:\/\/medprovas.com.br\/blog\/#website\",\"url\":\"https:\/\/medprovas.com.br\/blog\/\",\"name\":\"MedProvas\",\"description\":\"O caminho mais f\u00e1cil para a sua Resid\u00eancia M\u00e9dica\",\"publisher\":{\"@id\":\"https:\/\/medprovas.com.br\/blog\/#organization\"},\"potentialAction\":[{\"@type\":\"SearchAction\",\"target\":{\"@type\":\"EntryPoint\",\"urlTemplate\":\"https:\/\/medprovas.com.br\/blog\/?s={search_term_string}\"},\"query-input\":{\"@type\":\"PropertyValueSpecification\",\"valueRequired\":true,\"valueName\":\"search_term_string\"}}],\"inLanguage\":\"pt-BR\"},{\"@type\":\"Organization\",\"@id\":\"https:\/\/medprovas.com.br\/blog\/#organization\",\"name\":\"MedProvas\",\"url\":\"https:\/\/medprovas.com.br\/blog\/\",\"logo\":{\"@type\":\"ImageObject\",\"inLanguage\":\"pt-BR\",\"@id\":\"https:\/\/medprovas.com.br\/blog\/#\/schema\/logo\/image\/\",\"url\":\"https:\/\/medprovas.com.br\/blog\/wp-content\/uploads\/2025\/01\/WhatsApp-Image-2024-12-09-at-16.01.57-1.jpeg\",\"contentUrl\":\"https:\/\/medprovas.com.br\/blog\/wp-content\/uploads\/2025\/01\/WhatsApp-Image-2024-12-09-at-16.01.57-1.jpeg\",\"width\":1600,\"height\":348,\"caption\":\"MedProvas\"},\"image\":{\"@id\":\"https:\/\/medprovas.com.br\/blog\/#\/schema\/logo\/image\/\"},\"sameAs\":[\"https:\/\/www.facebook.com\/revisamedRM\",\"https:\/\/x.com\/RevisamedRM\",\"https:\/\/www.instagram.com\/medprovas_revisamed?igsh=dnk0M2N4YnB5Z2Jo\",\"https:\/\/www.linkedin.com\/company\/revisamedrm\/mycompany\/\",\"https:\/\/m.youtube.com\/@medprovas\"]},{\"@type\":\"Person\",\"@id\":\"https:\/\/medprovas.com.br\/blog\/#\/schema\/person\/79121322845f0fd65eae5c73613d9cbe\",\"name\":\"Revisamed\",\"image\":{\"@type\":\"ImageObject\",\"inLanguage\":\"pt-BR\",\"@id\":\"https:\/\/medprovas.com.br\/blog\/#\/schema\/person\/image\/\",\"url\":\"https:\/\/secure.gravatar.com\/avatar\/fd011dda0cae554d6925a1acdeceacbe?s=96&d=mm&r=g\",\"contentUrl\":\"https:\/\/secure.gravatar.com\/avatar\/fd011dda0cae554d6925a1acdeceacbe?s=96&d=mm&r=g\",\"caption\":\"Revisamed\"},\"url\":\"https:\/\/medprovas.com.br\/blog\/author\/claudia\/\"}]}<\/script>\n<!-- \/ Yoast SEO Premium plugin. -->","yoast_head_json":{"title":"PSU-MG complementar 2026: AREMG publica editais; veja onde h\u00e1 mais oportunidades - MedProvas","description":"PSU-MG complementar 2026: Aremg divulga editais. Medic Curso revela aos candidatos e onde est\u00e3o as melhores chances. Confira","robots":{"index":"index","follow":"follow","max-snippet":"max-snippet:-1","max-image-preview":"max-image-preview:large","max-video-preview":"max-video-preview:-1"},"canonical":"https:\/\/medprovas.com.br\/blog\/psu-mg-complementar-2026-aremg-publica-editais-veja-onde-ha-mais-oportunidades\/","og_locale":"pt_BR","og_type":"article","og_title":"PSU-MG complementar 2026: AREMG publica editais; veja onde h\u00e1 mais oportunidades","og_description":"PSU-MG complementar 2026: Aremg divulga editais. Medic Curso revela aos candidatos e onde est\u00e3o as melhores chances. Confira","og_url":"https:\/\/medprovas.com.br\/blog\/psu-mg-complementar-2026-aremg-publica-editais-veja-onde-ha-mais-oportunidades\/","og_site_name":"MedProvas","article_publisher":"https:\/\/www.facebook.com\/revisamedRM","article_published_time":"2026-02-07T20:26:28+00:00","article_modified_time":"2026-02-09T17:26:50+00:00","og_image":[{"width":1080,"height":720,"url":"https:\/\/medprovas.com.br\/blog\/wp-content\/uploads\/2026\/02\/Design-sem-nome.jpg","type":"image\/jpeg"}],"author":"Revisamed","twitter_card":"summary_large_image","twitter_creator":"@RevisamedRM","twitter_site":"@RevisamedRM","twitter_misc":{"Escrito por":"Revisamed","Est. tempo de leitura":"7 minutos"},"schema":{"@context":"https:\/\/schema.org","@graph":[{"@type":"Article","@id":"https:\/\/medprovas.com.br\/blog\/psu-mg-complementar-2026-aremg-publica-editais-veja-onde-ha-mais-oportunidades\/#article","isPartOf":{"@id":"https:\/\/medprovas.com.br\/blog\/psu-mg-complementar-2026-aremg-publica-editais-veja-onde-ha-mais-oportunidades\/"},"author":{"name":"Revisamed","@id":"https:\/\/medprovas.com.br\/blog\/#\/schema\/person\/79121322845f0fd65eae5c73613d9cbe"},"headline":"PSU-MG complementar 2026: AREMG publica editais; veja onde h\u00e1 mais oportunidades","datePublished":"2026-02-07T20:26:28+00:00","dateModified":"2026-02-09T17:26:50+00:00","mainEntityOfPage":{"@id":"https:\/\/medprovas.com.br\/blog\/psu-mg-complementar-2026-aremg-publica-editais-veja-onde-ha-mais-oportunidades\/"},"wordCount":1155,"commentCount":0,"publisher":{"@id":"https:\/\/medprovas.com.br\/blog\/#organization"},"image":{"@id":"https:\/\/medprovas.com.br\/blog\/psu-mg-complementar-2026-aremg-publica-editais-veja-onde-ha-mais-oportunidades\/#primaryimage"},"thumbnailUrl":"https:\/\/medprovas.com.br\/blog\/wp-content\/uploads\/2026\/02\/Design-sem-nome.jpg","articleSection":["Destaque","Editais","Especiais","Resid\u00eancia M\u00e9dica"],"inLanguage":"pt-BR","potentialAction":[{"@type":"CommentAction","name":"Comment","target":["https:\/\/medprovas.com.br\/blog\/psu-mg-complementar-2026-aremg-publica-editais-veja-onde-ha-mais-oportunidades\/#respond"]}]},{"@type":"WebPage","@id":"https:\/\/medprovas.com.br\/blog\/psu-mg-complementar-2026-aremg-publica-editais-veja-onde-ha-mais-oportunidades\/","url":"https:\/\/medprovas.com.br\/blog\/psu-mg-complementar-2026-aremg-publica-editais-veja-onde-ha-mais-oportunidades\/","name":"PSU-MG complementar 2026: AREMG publica editais; veja onde h\u00e1 mais oportunidades - MedProvas","isPartOf":{"@id":"https:\/\/medprovas.com.br\/blog\/#website"},"primaryImageOfPage":{"@id":"https:\/\/medprovas.com.br\/blog\/psu-mg-complementar-2026-aremg-publica-editais-veja-onde-ha-mais-oportunidades\/#primaryimage"},"image":{"@id":"https:\/\/medprovas.com.br\/blog\/psu-mg-complementar-2026-aremg-publica-editais-veja-onde-ha-mais-oportunidades\/#primaryimage"},"thumbnailUrl":"https:\/\/medprovas.com.br\/blog\/wp-content\/uploads\/2026\/02\/Design-sem-nome.jpg","datePublished":"2026-02-07T20:26:28+00:00","dateModified":"2026-02-09T17:26:50+00:00","description":"PSU-MG complementar 2026: Aremg divulga editais. Medic Curso revela aos candidatos e onde est\u00e3o as melhores chances. Confira","breadcrumb":{"@id":"https:\/\/medprovas.com.br\/blog\/psu-mg-complementar-2026-aremg-publica-editais-veja-onde-ha-mais-oportunidades\/#breadcrumb"},"inLanguage":"pt-BR","potentialAction":[{"@type":"ReadAction","target":["https:\/\/medprovas.com.br\/blog\/psu-mg-complementar-2026-aremg-publica-editais-veja-onde-ha-mais-oportunidades\/"]}]},{"@type":"ImageObject","inLanguage":"pt-BR","@id":"https:\/\/medprovas.com.br\/blog\/psu-mg-complementar-2026-aremg-publica-editais-veja-onde-ha-mais-oportunidades\/#primaryimage","url":"https:\/\/medprovas.com.br\/blog\/wp-content\/uploads\/2026\/02\/Design-sem-nome.jpg","contentUrl":"https:\/\/medprovas.com.br\/blog\/wp-content\/uploads\/2026\/02\/Design-sem-nome.jpg","width":1080,"height":720},{"@type":"BreadcrumbList","@id":"https:\/\/medprovas.com.br\/blog\/psu-mg-complementar-2026-aremg-publica-editais-veja-onde-ha-mais-oportunidades\/#breadcrumb","itemListElement":[{"@type":"ListItem","position":1,"name":"In\u00edcio","item":"https:\/\/medprovas.com.br\/blog\/"},{"@type":"ListItem","position":2,"name":"PSU-MG complementar 2026: AREMG publica editais; veja onde h\u00e1 mais oportunidades"}]},{"@type":"WebSite","@id":"https:\/\/medprovas.com.br\/blog\/#website","url":"https:\/\/medprovas.com.br\/blog\/","name":"MedProvas","description":"O caminho mais f\u00e1cil para a sua Resid\u00eancia M\u00e9dica","publisher":{"@id":"https:\/\/medprovas.com.br\/blog\/#organization"},"potentialAction":[{"@type":"SearchAction","target":{"@type":"EntryPoint","urlTemplate":"https:\/\/medprovas.com.br\/blog\/?s={search_term_string}"},"query-input":{"@type":"PropertyValueSpecification","valueRequired":true,"valueName":"search_term_string"}}],"inLanguage":"pt-BR"},{"@type":"Organization","@id":"https:\/\/medprovas.com.br\/blog\/#organization","name":"MedProvas","url":"https:\/\/medprovas.com.br\/blog\/","logo":{"@type":"ImageObject","inLanguage":"pt-BR","@id":"https:\/\/medprovas.com.br\/blog\/#\/schema\/logo\/image\/","url":"https:\/\/medprovas.com.br\/blog\/wp-content\/uploads\/2025\/01\/WhatsApp-Image-2024-12-09-at-16.01.57-1.jpeg","contentUrl":"https:\/\/medprovas.com.br\/blog\/wp-content\/uploads\/2025\/01\/WhatsApp-Image-2024-12-09-at-16.01.57-1.jpeg","width":1600,"height":348,"caption":"MedProvas"},"image":{"@id":"https:\/\/medprovas.com.br\/blog\/#\/schema\/logo\/image\/"},"sameAs":["https:\/\/www.facebook.com\/revisamedRM","https:\/\/x.com\/RevisamedRM","https:\/\/www.instagram.com\/medprovas_revisamed?igsh=dnk0M2N4YnB5Z2Jo","https:\/\/www.linkedin.com\/company\/revisamedrm\/mycompany\/","https:\/\/m.youtube.com\/@medprovas"]},{"@type":"Person","@id":"https:\/\/medprovas.com.br\/blog\/#\/schema\/person\/79121322845f0fd65eae5c73613d9cbe","name":"Revisamed","image":{"@type":"ImageObject","inLanguage":"pt-BR","@id":"https:\/\/medprovas.com.br\/blog\/#\/schema\/person\/image\/","url":"https:\/\/secure.gravatar.com\/avatar\/fd011dda0cae554d6925a1acdeceacbe?s=96&d=mm&r=g","contentUrl":"https:\/\/secure.gravatar.com\/avatar\/fd011dda0cae554d6925a1acdeceacbe?s=96&d=mm&r=g","caption":"Revisamed"},"url":"https:\/\/medprovas.com.br\/blog\/author\/claudia\/"}]}},"_links":{"self":[{"href":"https:\/\/medprovas.com.br\/blog\/wp-json\/wp\/v2\/posts\/29963","targetHints":{"allow":["GET"]}}],"collection":[{"href":"https:\/\/medprovas.com.br\/blog\/wp-json\/wp\/v2\/posts"}],"about":[{"href":"https:\/\/medprovas.com.br\/blog\/wp-json\/wp\/v2\/types\/post"}],"author":[{"embeddable":true,"href":"https:\/\/medprovas.com.br\/blog\/wp-json\/wp\/v2\/users\/3"}],"replies":[{"embeddable":true,"href":"https:\/\/medprovas.com.br\/blog\/wp-json\/wp\/v2\/comments?post=29963"}],"version-history":[{"count":3,"href":"https:\/\/medprovas.com.br\/blog\/wp-json\/wp\/v2\/posts\/29963\/revisions"}],"predecessor-version":[{"id":29970,"href":"https:\/\/medprovas.com.br\/blog\/wp-json\/wp\/v2\/posts\/29963\/revisions\/29970"}],"wp:featuredmedia":[{"embeddable":true,"href":"https:\/\/medprovas.com.br\/blog\/wp-json\/wp\/v2\/media\/29964"}],"wp:attachment":[{"href":"https:\/\/medprovas.com.br\/blog\/wp-json\/wp\/v2\/media?parent=29963"}],"wp:term":[{"taxonomy":"category","embeddable":true,"href":"https:\/\/medprovas.com.br\/blog\/wp-json\/wp\/v2\/categories?post=29963"},{"taxonomy":"post_tag","embeddable":true,"href":"https:\/\/medprovas.com.br\/blog\/wp-json\/wp\/v2\/tags?post=29963"}],"curies":[{"name":"wp","href":"https:\/\/api.w.org\/{rel}","templated":true}]}}