{"id":28349,"date":"2024-11-05T16:32:33","date_gmt":"2024-11-05T19:32:33","guid":{"rendered":"https:\/\/medprovas.com.br\/blog\/?p=28349"},"modified":"2024-11-06T11:25:40","modified_gmt":"2024-11-06T14:25:40","slug":"grupo-amil-divulga-edital-57vagas","status":"publish","type":"post","link":"https:\/\/medprovas.com.br\/blog\/grupo-amil-divulga-edital-57vagas\/","title":{"rendered":"Grupo Amil abre processo seletivo para 57 vagas de Resid\u00eancia M\u00e9dica em hospitais de SP e RJ"},"content":{"rendered":"<div class=\"wp-block-image\">\n<figure class=\"aligncenter size-full\"><img loading=\"lazy\" decoding=\"async\" width=\"671\" height=\"447\" src=\"https:\/\/medprovas.com.br\/blog\/wp-content\/uploads\/2024\/11\/image-1.png\" alt=\"\" class=\"wp-image-28351\" srcset=\"https:\/\/medprovas.com.br\/blog\/wp-content\/uploads\/2024\/11\/image-1.png 671w, https:\/\/medprovas.com.br\/blog\/wp-content\/uploads\/2024\/11\/image-1-300x200.png 300w\" sizes=\"auto, (max-width: 671px) 100vw, 671px\" \/><\/figure><\/div>\n\n\n<p>S\u00e3o Paulo, SP (outubro de 2024) &#8211; O <a href=\"https:\/\/www.amilsaladeimprensa.com.br\/Default.aspx\"><strong>Grupo Amil<\/strong><\/a>, uma das maiores empresas de sa\u00fade do pa\u00eds, acaba de abrir processo seletivo para o <strong>Programa de Resid\u00eancia M\u00e9dica 2025<\/strong> nos estados de S\u00e3o Paulo e Rio de Janeiro. Est\u00e3o dispon\u00edveis 57 vagas para m\u00e9dicos formados, em diversas \u00e1reas de especializa\u00e7\u00e3o, distribu\u00eddas em 11 hospitais de refer\u00eancia em tratamentos de alta complexidade da rede pr\u00f3pria da Amil \u2013 Rede Total Care. As inscri\u00e7\u00f5es estar\u00e3o abertas at\u00e9 as 16h do dia 26 de novembro, no site www.edudata.com.br.<\/p>\n\n\n\n<p>A sele\u00e7\u00e3o reserva 20% do total de vagas para pessoas que se autodeclararem negras (pretos ou pardos), conforme os crit\u00e9rios estabelecidos pelo <strong>Instituto Brasileiro de Geografia e Estat\u00edstica (IBGE)<\/strong>. As vagas afirmativas refor\u00e7am o comprometimento do <strong>Grupo Amil<\/strong> com a diversidade, equidade e inclus\u00e3o na \u00e1rea m\u00e9dica.<\/p>\n\n\n\n<p>As especialidades dispon\u00edveis s\u00e3o <strong><a href=\"https:\/\/medprovas.com.br\/blog\/residencia-anestesiologia-como-funciona\/\">Anestesiologia<\/a>, Cl\u00ednica M\u00e9dica, Cirurgia Geral, Pediatria, Medicina Intensiva, Ortopedia e Traumatologia, Medicina Nuclear, Radioterapia, Cancerologia Cl\u00ednica, Urologia, Cardiologia, Cirurgia de M\u00e3o, Ecocardiografia, Hematologia e Transplante Renal Pedi\u00e1trico<\/strong>.<\/p>\n\n\n\n<p>Na cidade de S\u00e3o Paulo, as oportunidades contemplam os hospitais <strong>Samaritano Higien\u00f3polis, Samaritano Paulista, Paulistano e Alvorada Moema<\/strong>; na Baixada Santista, o <strong>Hospital Ana Costa<\/strong>, e no interior do Estado, o <strong>Hospital Pitangueiras<\/strong>, em Jundia\u00ed.<\/p>\n\n\n\n<p>No Rio de Janeiro, h\u00e1 vagas no <strong>Complexo Am\u00e9ricas<\/strong>, que re\u00fane os hospitais <strong>Vit\u00f3ria e Samaritano Barra<\/strong>, e nos hospitais <strong>Samaritano Botafogo, Pr\u00f3-Card\u00edaco e Pasteur<\/strong>.<\/p>\n\n\n\n<p>O processo seletivo ter\u00e1 tr\u00eas fases: prova com testes de m\u00faltipla escolha (no dia 15\/12, com aplica\u00e7\u00e3o no <strong>Rio de Janeiro, S\u00e3o Paulo e Santos<\/strong>), prova pr\u00e1tica e an\u00e1lise curricular. O resultado ser\u00e1 divulgado em 31 de janeiro de 2025, com in\u00edcio da Resid\u00eancia em mar\u00e7o e dura\u00e7\u00e3o de at\u00e9 tr\u00eas anos, de acordo com a especialidade escolhida.<\/p>\n\n\n\n<p>Servi\u00e7o:<br>Programa de Resid\u00eancia M\u00e9dica 2025<br>Inscri\u00e7\u00f5es: 14 de outubro a 26 de novembro (at\u00e9 16h)<br>Valor de inscri\u00e7\u00e3o: R$ 450,00<br>Inscri\u00e7\u00f5es e mais informa\u00e7\u00f5es no site: <a href=\"https:\/\/www.edudata.com.br\/\">www.edudata.com.br.<\/a><\/p>\n\n\n\n<h2 class=\"wp-block-heading\" id=\"h-sobre-a-amil\"><strong>Sobre a Amil<\/strong><\/h2>\n\n\n\n<p>A Amil \u00e9 uma das maiores operadoras de sa\u00fade do Brasil, fundada em 1978, no Rio de Janeiro. Desde ent\u00e3o, leva o melhor cuidado \u00e0s pessoas, com planos m\u00e9dicos e odontol\u00f3gicos que atendem a diferentes perfis de clientes &#8211; s\u00e3o 5,4 milh\u00f5es, atualmente. Al\u00e9m de contar com uma ampla rede credenciada, a Amil possui um sistema de sa\u00fade completo, formado por uma rede pr\u00f3pria de hospitais e unidades ambulatoriais.<\/p>\n\n\n\n<p><\/p>\n","protected":false},"excerpt":{"rendered":"<p>Sele\u00e7\u00e3o reserva 20% do total de vagas para pessoas que se autodeclararem negras; inscri\u00e7\u00f5es v\u00e3o at\u00e9 26 de novembro<\/p>\n","protected":false},"author":3,"featured_media":28356,"comment_status":"open","ping_status":"open","sticky":false,"template":"","format":"standard","meta":{"_acf_changed":false,"footnotes":""},"categories":[2638,4,7,10,2758],"tags":[2931,2915,2932],"class_list":["post-28349","post","type-post","status-publish","format-standard","has-post-thumbnail","hentry","category-destaque","category-dicas-de-prova","category-noticias","category-residencia-medica","category-revisamed","tag-amil","tag-residenciamedica2025","tag-provasderesidenciamedica"],"acf":[],"gutentor_comment":0,"yoast_head":"<!-- This site is optimized with the Yoast SEO Premium plugin v25.5 (Yoast SEO v25.5) - https:\/\/yoast.com\/wordpress\/plugins\/seo\/ -->\n<title>Grupo Amil abre processo seletivo para 57 vagas de Resid\u00eancia<\/title>\n<meta name=\"robots\" content=\"index, follow, max-snippet:-1, max-image-preview:large, max-video-preview:-1\" \/>\n<link rel=\"canonical\" href=\"https:\/\/medprovas.com.br\/blog\/grupo-amil-divulga-edital-57vagas\/\" \/>\n<meta property=\"og:locale\" content=\"pt_BR\" \/>\n<meta property=\"og:type\" content=\"article\" \/>\n<meta property=\"og:title\" content=\"Grupo Amil abre processo seletivo para 57 vagas de Resid\u00eancia M\u00e9dica em hospitais de SP e RJ\" \/>\n<meta property=\"og:description\" content=\"Sele\u00e7\u00e3o reserva 20% do total de vagas para pessoas que se autodeclararem negras; inscri\u00e7\u00f5es v\u00e3o at\u00e9 26 de novembro\" \/>\n<meta property=\"og:url\" content=\"https:\/\/medprovas.com.br\/blog\/grupo-amil-divulga-edital-57vagas\/\" \/>\n<meta property=\"og:site_name\" content=\"MedProvas\" \/>\n<meta property=\"article:publisher\" content=\"https:\/\/www.facebook.com\/revisamedRM\" \/>\n<meta property=\"article:published_time\" content=\"2024-11-05T19:32:33+00:00\" \/>\n<meta property=\"article:modified_time\" content=\"2024-11-06T14:25:40+00:00\" \/>\n<meta property=\"og:image\" content=\"https:\/\/medprovas.com.br\/blog\/wp-content\/uploads\/2024\/11\/Design-sem-nome.png\" \/>\n\t<meta property=\"og:image:width\" content=\"1280\" \/>\n\t<meta property=\"og:image:height\" content=\"720\" \/>\n\t<meta property=\"og:image:type\" content=\"image\/png\" \/>\n<meta name=\"author\" content=\"Revisamed\" \/>\n<meta name=\"twitter:card\" content=\"summary_large_image\" \/>\n<meta name=\"twitter:creator\" content=\"@RevisamedRM\" \/>\n<meta name=\"twitter:site\" content=\"@RevisamedRM\" \/>\n<meta name=\"twitter:label1\" content=\"Escrito por\" \/>\n\t<meta name=\"twitter:data1\" content=\"Revisamed\" \/>\n\t<meta name=\"twitter:label2\" content=\"Est. tempo de leitura\" \/>\n\t<meta name=\"twitter:data2\" content=\"3 minutos\" \/>\n<script type=\"application\/ld+json\" class=\"yoast-schema-graph\">{\"@context\":\"https:\/\/schema.org\",\"@graph\":[{\"@type\":\"Article\",\"@id\":\"https:\/\/medprovas.com.br\/blog\/grupo-amil-divulga-edital-57vagas\/#article\",\"isPartOf\":{\"@id\":\"https:\/\/medprovas.com.br\/blog\/grupo-amil-divulga-edital-57vagas\/\"},\"author\":{\"name\":\"Revisamed\",\"@id\":\"https:\/\/medprovas.com.br\/blog\/#\/schema\/person\/79121322845f0fd65eae5c73613d9cbe\"},\"headline\":\"Grupo Amil abre processo seletivo para 57 vagas de Resid\u00eancia M\u00e9dica em hospitais de SP e RJ\",\"datePublished\":\"2024-11-05T19:32:33+00:00\",\"dateModified\":\"2024-11-06T14:25:40+00:00\",\"mainEntityOfPage\":{\"@id\":\"https:\/\/medprovas.com.br\/blog\/grupo-amil-divulga-edital-57vagas\/\"},\"wordCount\":451,\"commentCount\":0,\"publisher\":{\"@id\":\"https:\/\/medprovas.com.br\/blog\/#organization\"},\"image\":{\"@id\":\"https:\/\/medprovas.com.br\/blog\/grupo-amil-divulga-edital-57vagas\/#primaryimage\"},\"thumbnailUrl\":\"https:\/\/medprovas.com.br\/blog\/wp-content\/uploads\/2024\/11\/Design-sem-nome.png\",\"keywords\":[\"#amil\",\"#residenciamedica2025\",\"provasderesidenciamedica\"],\"articleSection\":[\"Destaque\",\"Dicas de Prova\",\"Not\u00edcias\",\"Resid\u00eancia M\u00e9dica\",\"Revisamed\"],\"inLanguage\":\"pt-BR\",\"potentialAction\":[{\"@type\":\"CommentAction\",\"name\":\"Comment\",\"target\":[\"https:\/\/medprovas.com.br\/blog\/grupo-amil-divulga-edital-57vagas\/#respond\"]}]},{\"@type\":\"WebPage\",\"@id\":\"https:\/\/medprovas.com.br\/blog\/grupo-amil-divulga-edital-57vagas\/\",\"url\":\"https:\/\/medprovas.com.br\/blog\/grupo-amil-divulga-edital-57vagas\/\",\"name\":\"Grupo Amil abre processo seletivo para 57 vagas de Resid\u00eancia\",\"isPartOf\":{\"@id\":\"https:\/\/medprovas.com.br\/blog\/#website\"},\"primaryImageOfPage\":{\"@id\":\"https:\/\/medprovas.com.br\/blog\/grupo-amil-divulga-edital-57vagas\/#primaryimage\"},\"image\":{\"@id\":\"https:\/\/medprovas.com.br\/blog\/grupo-amil-divulga-edital-57vagas\/#primaryimage\"},\"thumbnailUrl\":\"https:\/\/medprovas.com.br\/blog\/wp-content\/uploads\/2024\/11\/Design-sem-nome.png\",\"datePublished\":\"2024-11-05T19:32:33+00:00\",\"dateModified\":\"2024-11-06T14:25:40+00:00\",\"breadcrumb\":{\"@id\":\"https:\/\/medprovas.com.br\/blog\/grupo-amil-divulga-edital-57vagas\/#breadcrumb\"},\"inLanguage\":\"pt-BR\",\"potentialAction\":[{\"@type\":\"ReadAction\",\"target\":[\"https:\/\/medprovas.com.br\/blog\/grupo-amil-divulga-edital-57vagas\/\"]}]},{\"@type\":\"ImageObject\",\"inLanguage\":\"pt-BR\",\"@id\":\"https:\/\/medprovas.com.br\/blog\/grupo-amil-divulga-edital-57vagas\/#primaryimage\",\"url\":\"https:\/\/medprovas.com.br\/blog\/wp-content\/uploads\/2024\/11\/Design-sem-nome.png\",\"contentUrl\":\"https:\/\/medprovas.com.br\/blog\/wp-content\/uploads\/2024\/11\/Design-sem-nome.png\",\"width\":1280,\"height\":720},{\"@type\":\"BreadcrumbList\",\"@id\":\"https:\/\/medprovas.com.br\/blog\/grupo-amil-divulga-edital-57vagas\/#breadcrumb\",\"itemListElement\":[{\"@type\":\"ListItem\",\"position\":1,\"name\":\"In\u00edcio\",\"item\":\"https:\/\/medprovas.com.br\/blog\/\"},{\"@type\":\"ListItem\",\"position\":2,\"name\":\"Grupo Amil abre processo seletivo para 57 vagas de Resid\u00eancia M\u00e9dica em hospitais de SP e RJ\"}]},{\"@type\":\"WebSite\",\"@id\":\"https:\/\/medprovas.com.br\/blog\/#website\",\"url\":\"https:\/\/medprovas.com.br\/blog\/\",\"name\":\"MedProvas\",\"description\":\"O caminho mais f\u00e1cil para a sua Resid\u00eancia M\u00e9dica\",\"publisher\":{\"@id\":\"https:\/\/medprovas.com.br\/blog\/#organization\"},\"potentialAction\":[{\"@type\":\"SearchAction\",\"target\":{\"@type\":\"EntryPoint\",\"urlTemplate\":\"https:\/\/medprovas.com.br\/blog\/?s={search_term_string}\"},\"query-input\":{\"@type\":\"PropertyValueSpecification\",\"valueRequired\":true,\"valueName\":\"search_term_string\"}}],\"inLanguage\":\"pt-BR\"},{\"@type\":\"Organization\",\"@id\":\"https:\/\/medprovas.com.br\/blog\/#organization\",\"name\":\"MedProvas\",\"url\":\"https:\/\/medprovas.com.br\/blog\/\",\"logo\":{\"@type\":\"ImageObject\",\"inLanguage\":\"pt-BR\",\"@id\":\"https:\/\/medprovas.com.br\/blog\/#\/schema\/logo\/image\/\",\"url\":\"https:\/\/medprovas.com.br\/blog\/wp-content\/uploads\/2025\/01\/WhatsApp-Image-2024-12-09-at-16.01.57-1.jpeg\",\"contentUrl\":\"https:\/\/medprovas.com.br\/blog\/wp-content\/uploads\/2025\/01\/WhatsApp-Image-2024-12-09-at-16.01.57-1.jpeg\",\"width\":1600,\"height\":348,\"caption\":\"MedProvas\"},\"image\":{\"@id\":\"https:\/\/medprovas.com.br\/blog\/#\/schema\/logo\/image\/\"},\"sameAs\":[\"https:\/\/www.facebook.com\/revisamedRM\",\"https:\/\/x.com\/RevisamedRM\",\"https:\/\/www.instagram.com\/medprovas_revisamed?igsh=dnk0M2N4YnB5Z2Jo\",\"https:\/\/www.linkedin.com\/company\/revisamedrm\/mycompany\/\",\"https:\/\/m.youtube.com\/@medprovas\"]},{\"@type\":\"Person\",\"@id\":\"https:\/\/medprovas.com.br\/blog\/#\/schema\/person\/79121322845f0fd65eae5c73613d9cbe\",\"name\":\"Revisamed\",\"image\":{\"@type\":\"ImageObject\",\"inLanguage\":\"pt-BR\",\"@id\":\"https:\/\/medprovas.com.br\/blog\/#\/schema\/person\/image\/\",\"url\":\"https:\/\/secure.gravatar.com\/avatar\/fd011dda0cae554d6925a1acdeceacbe?s=96&d=mm&r=g\",\"contentUrl\":\"https:\/\/secure.gravatar.com\/avatar\/fd011dda0cae554d6925a1acdeceacbe?s=96&d=mm&r=g\",\"caption\":\"Revisamed\"},\"url\":\"https:\/\/medprovas.com.br\/blog\/author\/claudia\/\"}]}<\/script>\n<!-- \/ Yoast SEO Premium plugin. -->","yoast_head_json":{"title":"Grupo Amil abre processo seletivo para 57 vagas de Resid\u00eancia","robots":{"index":"index","follow":"follow","max-snippet":"max-snippet:-1","max-image-preview":"max-image-preview:large","max-video-preview":"max-video-preview:-1"},"canonical":"https:\/\/medprovas.com.br\/blog\/grupo-amil-divulga-edital-57vagas\/","og_locale":"pt_BR","og_type":"article","og_title":"Grupo Amil abre processo seletivo para 57 vagas de Resid\u00eancia M\u00e9dica em hospitais de SP e RJ","og_description":"Sele\u00e7\u00e3o reserva 20% do total de vagas para pessoas que se autodeclararem negras; inscri\u00e7\u00f5es v\u00e3o at\u00e9 26 de novembro","og_url":"https:\/\/medprovas.com.br\/blog\/grupo-amil-divulga-edital-57vagas\/","og_site_name":"MedProvas","article_publisher":"https:\/\/www.facebook.com\/revisamedRM","article_published_time":"2024-11-05T19:32:33+00:00","article_modified_time":"2024-11-06T14:25:40+00:00","og_image":[{"width":1280,"height":720,"url":"https:\/\/medprovas.com.br\/blog\/wp-content\/uploads\/2024\/11\/Design-sem-nome.png","type":"image\/png"}],"author":"Revisamed","twitter_card":"summary_large_image","twitter_creator":"@RevisamedRM","twitter_site":"@RevisamedRM","twitter_misc":{"Escrito por":"Revisamed","Est. tempo de leitura":"3 minutos"},"schema":{"@context":"https:\/\/schema.org","@graph":[{"@type":"Article","@id":"https:\/\/medprovas.com.br\/blog\/grupo-amil-divulga-edital-57vagas\/#article","isPartOf":{"@id":"https:\/\/medprovas.com.br\/blog\/grupo-amil-divulga-edital-57vagas\/"},"author":{"name":"Revisamed","@id":"https:\/\/medprovas.com.br\/blog\/#\/schema\/person\/79121322845f0fd65eae5c73613d9cbe"},"headline":"Grupo Amil abre processo seletivo para 57 vagas de Resid\u00eancia M\u00e9dica em hospitais de SP e RJ","datePublished":"2024-11-05T19:32:33+00:00","dateModified":"2024-11-06T14:25:40+00:00","mainEntityOfPage":{"@id":"https:\/\/medprovas.com.br\/blog\/grupo-amil-divulga-edital-57vagas\/"},"wordCount":451,"commentCount":0,"publisher":{"@id":"https:\/\/medprovas.com.br\/blog\/#organization"},"image":{"@id":"https:\/\/medprovas.com.br\/blog\/grupo-amil-divulga-edital-57vagas\/#primaryimage"},"thumbnailUrl":"https:\/\/medprovas.com.br\/blog\/wp-content\/uploads\/2024\/11\/Design-sem-nome.png","keywords":["#amil","#residenciamedica2025","provasderesidenciamedica"],"articleSection":["Destaque","Dicas de Prova","Not\u00edcias","Resid\u00eancia M\u00e9dica","Revisamed"],"inLanguage":"pt-BR","potentialAction":[{"@type":"CommentAction","name":"Comment","target":["https:\/\/medprovas.com.br\/blog\/grupo-amil-divulga-edital-57vagas\/#respond"]}]},{"@type":"WebPage","@id":"https:\/\/medprovas.com.br\/blog\/grupo-amil-divulga-edital-57vagas\/","url":"https:\/\/medprovas.com.br\/blog\/grupo-amil-divulga-edital-57vagas\/","name":"Grupo Amil abre processo seletivo para 57 vagas de Resid\u00eancia","isPartOf":{"@id":"https:\/\/medprovas.com.br\/blog\/#website"},"primaryImageOfPage":{"@id":"https:\/\/medprovas.com.br\/blog\/grupo-amil-divulga-edital-57vagas\/#primaryimage"},"image":{"@id":"https:\/\/medprovas.com.br\/blog\/grupo-amil-divulga-edital-57vagas\/#primaryimage"},"thumbnailUrl":"https:\/\/medprovas.com.br\/blog\/wp-content\/uploads\/2024\/11\/Design-sem-nome.png","datePublished":"2024-11-05T19:32:33+00:00","dateModified":"2024-11-06T14:25:40+00:00","breadcrumb":{"@id":"https:\/\/medprovas.com.br\/blog\/grupo-amil-divulga-edital-57vagas\/#breadcrumb"},"inLanguage":"pt-BR","potentialAction":[{"@type":"ReadAction","target":["https:\/\/medprovas.com.br\/blog\/grupo-amil-divulga-edital-57vagas\/"]}]},{"@type":"ImageObject","inLanguage":"pt-BR","@id":"https:\/\/medprovas.com.br\/blog\/grupo-amil-divulga-edital-57vagas\/#primaryimage","url":"https:\/\/medprovas.com.br\/blog\/wp-content\/uploads\/2024\/11\/Design-sem-nome.png","contentUrl":"https:\/\/medprovas.com.br\/blog\/wp-content\/uploads\/2024\/11\/Design-sem-nome.png","width":1280,"height":720},{"@type":"BreadcrumbList","@id":"https:\/\/medprovas.com.br\/blog\/grupo-amil-divulga-edital-57vagas\/#breadcrumb","itemListElement":[{"@type":"ListItem","position":1,"name":"In\u00edcio","item":"https:\/\/medprovas.com.br\/blog\/"},{"@type":"ListItem","position":2,"name":"Grupo Amil abre processo seletivo para 57 vagas de Resid\u00eancia M\u00e9dica em hospitais de SP e RJ"}]},{"@type":"WebSite","@id":"https:\/\/medprovas.com.br\/blog\/#website","url":"https:\/\/medprovas.com.br\/blog\/","name":"MedProvas","description":"O caminho mais f\u00e1cil para a sua Resid\u00eancia M\u00e9dica","publisher":{"@id":"https:\/\/medprovas.com.br\/blog\/#organization"},"potentialAction":[{"@type":"SearchAction","target":{"@type":"EntryPoint","urlTemplate":"https:\/\/medprovas.com.br\/blog\/?s={search_term_string}"},"query-input":{"@type":"PropertyValueSpecification","valueRequired":true,"valueName":"search_term_string"}}],"inLanguage":"pt-BR"},{"@type":"Organization","@id":"https:\/\/medprovas.com.br\/blog\/#organization","name":"MedProvas","url":"https:\/\/medprovas.com.br\/blog\/","logo":{"@type":"ImageObject","inLanguage":"pt-BR","@id":"https:\/\/medprovas.com.br\/blog\/#\/schema\/logo\/image\/","url":"https:\/\/medprovas.com.br\/blog\/wp-content\/uploads\/2025\/01\/WhatsApp-Image-2024-12-09-at-16.01.57-1.jpeg","contentUrl":"https:\/\/medprovas.com.br\/blog\/wp-content\/uploads\/2025\/01\/WhatsApp-Image-2024-12-09-at-16.01.57-1.jpeg","width":1600,"height":348,"caption":"MedProvas"},"image":{"@id":"https:\/\/medprovas.com.br\/blog\/#\/schema\/logo\/image\/"},"sameAs":["https:\/\/www.facebook.com\/revisamedRM","https:\/\/x.com\/RevisamedRM","https:\/\/www.instagram.com\/medprovas_revisamed?igsh=dnk0M2N4YnB5Z2Jo","https:\/\/www.linkedin.com\/company\/revisamedrm\/mycompany\/","https:\/\/m.youtube.com\/@medprovas"]},{"@type":"Person","@id":"https:\/\/medprovas.com.br\/blog\/#\/schema\/person\/79121322845f0fd65eae5c73613d9cbe","name":"Revisamed","image":{"@type":"ImageObject","inLanguage":"pt-BR","@id":"https:\/\/medprovas.com.br\/blog\/#\/schema\/person\/image\/","url":"https:\/\/secure.gravatar.com\/avatar\/fd011dda0cae554d6925a1acdeceacbe?s=96&d=mm&r=g","contentUrl":"https:\/\/secure.gravatar.com\/avatar\/fd011dda0cae554d6925a1acdeceacbe?s=96&d=mm&r=g","caption":"Revisamed"},"url":"https:\/\/medprovas.com.br\/blog\/author\/claudia\/"}]}},"_links":{"self":[{"href":"https:\/\/medprovas.com.br\/blog\/wp-json\/wp\/v2\/posts\/28349","targetHints":{"allow":["GET"]}}],"collection":[{"href":"https:\/\/medprovas.com.br\/blog\/wp-json\/wp\/v2\/posts"}],"about":[{"href":"https:\/\/medprovas.com.br\/blog\/wp-json\/wp\/v2\/types\/post"}],"author":[{"embeddable":true,"href":"https:\/\/medprovas.com.br\/blog\/wp-json\/wp\/v2\/users\/3"}],"replies":[{"embeddable":true,"href":"https:\/\/medprovas.com.br\/blog\/wp-json\/wp\/v2\/comments?post=28349"}],"version-history":[{"count":4,"href":"https:\/\/medprovas.com.br\/blog\/wp-json\/wp\/v2\/posts\/28349\/revisions"}],"predecessor-version":[{"id":28358,"href":"https:\/\/medprovas.com.br\/blog\/wp-json\/wp\/v2\/posts\/28349\/revisions\/28358"}],"wp:featuredmedia":[{"embeddable":true,"href":"https:\/\/medprovas.com.br\/blog\/wp-json\/wp\/v2\/media\/28356"}],"wp:attachment":[{"href":"https:\/\/medprovas.com.br\/blog\/wp-json\/wp\/v2\/media?parent=28349"}],"wp:term":[{"taxonomy":"category","embeddable":true,"href":"https:\/\/medprovas.com.br\/blog\/wp-json\/wp\/v2\/categories?post=28349"},{"taxonomy":"post_tag","embeddable":true,"href":"https:\/\/medprovas.com.br\/blog\/wp-json\/wp\/v2\/tags?post=28349"}],"curies":[{"name":"wp","href":"https:\/\/api.w.org\/{rel}","templated":true}]}}