{"id":25988,"date":"2023-09-25T15:35:53","date_gmt":"2023-09-25T18:35:53","guid":{"rendered":"https:\/\/medprovas.com.br\/blog\/?p=25988"},"modified":"2023-09-26T11:56:14","modified_gmt":"2023-09-26T14:56:14","slug":"usp-sp-divulga-edital-de-residencia-vagas","status":"publish","type":"post","link":"https:\/\/medprovas.com.br\/blog\/usp-sp-divulga-edital-de-residencia-vagas\/","title":{"rendered":"USP-SP divulga edital de Resid\u00eancia com quase 800 vagas"},"content":{"rendered":"\n<div class=\"wp-block-image\"><figure class=\"aligncenter size-large\"><img loading=\"lazy\" decoding=\"async\" width=\"1024\" height=\"576\" src=\"https:\/\/medprovas.com.br\/blog\/wp-content\/uploads\/2023\/09\/Fachada-da-Faculdade-de-Medicina-1024x576.jpg\" alt=\"Resid\u00eancia M\u00e9dica USP 2024: especialidades, datas importantes e dicas essenciais para sua prepara\u00e7\u00e3o. \" class=\"wp-image-26009\" srcset=\"https:\/\/medprovas.com.br\/blog\/wp-content\/uploads\/2023\/09\/Fachada-da-Faculdade-de-Medicina-1024x576.jpg 1024w, https:\/\/medprovas.com.br\/blog\/wp-content\/uploads\/2023\/09\/Fachada-da-Faculdade-de-Medicina-300x169.jpg 300w, https:\/\/medprovas.com.br\/blog\/wp-content\/uploads\/2023\/09\/Fachada-da-Faculdade-de-Medicina-768x432.jpg 768w, https:\/\/medprovas.com.br\/blog\/wp-content\/uploads\/2023\/09\/Fachada-da-Faculdade-de-Medicina.jpg 1280w\" sizes=\"auto, (max-width: 1024px) 100vw, 1024px\" \/><\/figure><\/div>\n\n\n\n<p>O edital de <strong>Resid\u00eancia M\u00e9dica 2024<\/strong> da <strong>Universidade de S\u00e3o Paulo &#8211; (USP)<\/strong>, j\u00e1 est\u00e1 dispon\u00edvel. As inscri\u00e7\u00f5es podem ser feitas entre os dias 17 de outubro e 7 de novembro de 2024. A primeira fase ser\u00e1 aplicada no dia 10 de dezembro de 2024.<\/p>\n\n\n\n<p>Para se inscrever o candidato deve acessar o site da <strong><a href=\"https:\/\/www.fuvest.br\/\" target=\"_blank\" rel=\"noreferrer noopener\">Funda\u00e7\u00e3o Universit\u00e1ria para o Vestibular &#8211; (FUVEST)<\/a><\/strong> e pagar uma taxa no valor de R$ 620,00. Os participantes do processo seletivo para a resid\u00eancia m\u00e9dica na USP-SP ser\u00e3o submetidos a uma avalia\u00e7\u00e3o composta por duas etapas distintas. Abaixo, voc\u00ea encontrar\u00e1 todas as informa\u00e7\u00f5es relevantes sobre o processo seletivo, incluindo o cronograma completo.<\/p>\n\n\n\n<div id=\"ez-toc-container\" class=\"ez-toc-v2_0_82_2 counter-flat ez-toc-counter ez-toc-custom ez-toc-container-direction\">\n<div class=\"ez-toc-title-container\">\n<p class=\"ez-toc-title\" style=\"cursor:inherit\">A seguir, voc\u00ea vai saber:<\/p>\n<span class=\"ez-toc-title-toggle\"><\/span><\/div>\n<nav><ul class='ez-toc-list ez-toc-list-level-1 ' ><li class='ez-toc-page-1'><a class=\"ez-toc-link ez-toc-heading-1\" href=\"https:\/\/medprovas.com.br\/blog\/usp-sp-divulga-edital-de-residencia-vagas\/#Confira_o_cronograma_de_Residencia_Medica_da_USP-SP_2024\" >Confira o cronograma de Resid\u00eancia M\u00e9dica da USP-SP 2024:<\/a><\/li><li class='ez-toc-page-1'><a class=\"ez-toc-link ez-toc-heading-2\" href=\"https:\/\/medprovas.com.br\/blog\/usp-sp-divulga-edital-de-residencia-vagas\/#Como_e_o_Processo_Seletivo_da_Residencia_Medica_na_USP-SP_2024\" >Como \u00e9 o Processo Seletivo da Resid\u00eancia M\u00e9dica na USP-SP 2024?<\/a><\/li><li class='ez-toc-page-1'><a class=\"ez-toc-link ez-toc-heading-3\" href=\"https:\/\/medprovas.com.br\/blog\/usp-sp-divulga-edital-de-residencia-vagas\/#1a_Fase_Prova_Objetiva\" >1\u00aa Fase: Prova Objetiva<\/a><\/li><li class='ez-toc-page-1'><a class=\"ez-toc-link ez-toc-heading-4\" href=\"https:\/\/medprovas.com.br\/blog\/usp-sp-divulga-edital-de-residencia-vagas\/#2a_Fase_Avaliacao_e_Arguicao_Curricular\" >2\u00aa Fase: Avalia\u00e7\u00e3o e Argui\u00e7\u00e3o Curricular<\/a><\/li><li class='ez-toc-page-1'><a class=\"ez-toc-link ez-toc-heading-5\" href=\"https:\/\/medprovas.com.br\/blog\/usp-sp-divulga-edital-de-residencia-vagas\/#2a_Fase_Especialidades_de_Anos_Adicionais_e_Areas_de_Atuacao_Prova_de_Habilidades_Especificas_com_Base_em_Casos_Clinicos\" >2\u00aa Fase (Especialidades de Anos Adicionais e \u00c1reas de Atua\u00e7\u00e3o): Prova de Habilidades Espec\u00edficas com Base em Casos Cl\u00ednicos<\/a><\/li><li class='ez-toc-page-1'><a class=\"ez-toc-link ez-toc-heading-6\" href=\"https:\/\/medprovas.com.br\/blog\/usp-sp-divulga-edital-de-residencia-vagas\/#Prepare-se_com_o_MedProvas_Revisamed\" >Prepare-se com o MedProvas Revisamed<\/a><\/li><\/ul><\/nav><\/div>\n<h3 class=\"wp-block-heading\" id=\"h-confira-o-cronograma-de-residencia-medica-da-usp-sp-2024\"><span class=\"ez-toc-section\" id=\"Confira_o_cronograma_de_Residencia_Medica_da_USP-SP_2024\"><\/span>Confira o cronograma de Resid\u00eancia M\u00e9dica da USP-SP 2024:<span class=\"ez-toc-section-end\"><\/span><\/h3>\n\n\n\n<ul class=\"wp-block-list\"><li><strong>Divulga\u00e7\u00e3o do edital:&nbsp;<\/strong>21\/09\/2023;<\/li><li><strong>Taxa de inscri\u00e7\u00e3o:&nbsp;<\/strong>R$ 620,00;<\/li><li><strong>Solicita\u00e7\u00e3o de isen\u00e7\u00e3o ou redu\u00e7\u00e3o de 50% da taxa:&nbsp;<\/strong>02 e 03\/10\/2023;<\/li><li><strong>Per\u00edodo de Inscri\u00e7\u00f5es:&nbsp;<\/strong>17\/10 a 07\/11\/2023;<\/li><li><strong>Prova Objetiva (1\u00aa fase):&nbsp;<\/strong>10\/12\/2023;<\/li><li><strong>Divulga\u00e7\u00e3o do Gabarito Pr\u00e9-Recurso:&nbsp;<\/strong>10\/12\/2023;<\/li><li><strong>Prazo final para recurso do gabarito:&nbsp;<\/strong>12\/12\/2023, \u00e0s 12h;<\/li><li><strong>Gabarito definitivo e divulga\u00e7\u00e3o da nota da 1\u00aa fase:&nbsp;<\/strong>18\/12\/2023;<\/li><li><strong>Recursos contra nota da 1\u00aa Fase:&nbsp;<\/strong>at\u00e9 22\/12\/2023;<\/li><li><strong>Convocados para a 2\u00aa fase:<\/strong>&nbsp;03\/01\/2024;<\/li><li><strong>Envio do curr\u00edculo (2\u00aa fase):&nbsp;<\/strong>03 a 12\/01\/2024;<\/li><li><strong>Prova de habilidades espec\u00edficas:&nbsp;<\/strong>18 a 24\/01\/2024;<\/li><li><strong>Divulga\u00e7\u00e3o da nota da 2\u00aa fase:&nbsp;<\/strong>31\/01\/2024;<\/li><li><strong>Recursos contra nota:&nbsp;<\/strong>01 a 05\/02\/2024;<\/li><li><strong>Resultado final e Convoca\u00e7\u00e3o para matr\u00edculas:<\/strong>&nbsp;08\/02\/2024; e<\/li><li><strong>Matr\u00edculas:&nbsp;<\/strong>15,16 e 19\/02\/2024.<\/li><\/ul>\n\n\n\n<div class=\"wp-block-buttons is-content-justification-center is-layout-flex wp-block-buttons-is-layout-flex\">\n<div class=\"wp-block-button is-style-fill\"><a class=\"wp-block-button__link has-vivid-green-cyan-background-color has-background\" href=\"https:\/\/medprovas.com.br\/blog\/wp-content\/uploads\/2023\/09\/Editais-USP-2024.7z\" target=\"_blank\" rel=\"noreferrer noopener\">Editais USP-SP 2024<\/a><\/div>\n<\/div>\n\n\n\n<p>No edital de<strong> Resid\u00eancia M\u00e9dica 2024 da USP<\/strong> est\u00e3o previstas <strong>356 vagas de acesso direto<\/strong>. As especialidades com o maior n\u00famero de vagas s\u00e3o <strong>Cl\u00ednica M\u00e9dica<\/strong> (52), <strong>Pediatria<\/strong> (38) e <strong><a href=\"https:\/\/medprovas.com.br\/blog\/residencia-anestesiologia-como-funciona\/\" target=\"_blank\" rel=\"noreferrer noopener\">Anestesiologia<\/a><\/strong> (33).<\/p>\n\n\n\n<figure class=\"wp-block-table is-style-stripes\"><table><thead><tr><th class=\"has-text-align-left\" data-align=\"left\">ACESSO DIRETO<\/th><th class=\"has-text-align-center\" data-align=\"center\">VAGAS PREVISTAS<\/th><th class=\"has-text-align-center\" data-align=\"center\">RESERVADAS<\/th><\/tr><\/thead><tbody><tr><td class=\"has-text-align-left\" data-align=\"left\">Acupuntura<\/td><td class=\"has-text-align-center\" data-align=\"center\">2<\/td><td class=\"has-text-align-center\" data-align=\"center\"><\/td><\/tr><tr><td class=\"has-text-align-left\" data-align=\"left\">Anestesiologia<\/td><td class=\"has-text-align-center\" data-align=\"center\">33<\/td><td class=\"has-text-align-center\" data-align=\"center\">2<\/td><\/tr><tr><td class=\"has-text-align-left\" data-align=\"left\">Cirurgia Cardiovascular<\/td><td class=\"has-text-align-center\" data-align=\"center\">6<\/td><td class=\"has-text-align-center\" data-align=\"center\"><\/td><\/tr><tr><td class=\"has-text-align-left\" data-align=\"left\">Cirurgia Geral<\/td><td class=\"has-text-align-center\" data-align=\"center\">16<\/td><td class=\"has-text-align-center\" data-align=\"center\">8<\/td><\/tr><tr><td class=\"has-text-align-left\" data-align=\"left\">Cl\u00ednica M\u00e9dica \u2013 Aprovado \u2013 2 anos \u2013<\/td><td class=\"has-text-align-center\" data-align=\"center\">52<\/td><td class=\"has-text-align-center\" data-align=\"center\">8<\/td><\/tr><tr><td class=\"has-text-align-left\" data-align=\"left\">Dermatologia<\/td><td class=\"has-text-align-center\" data-align=\"center\">10<\/td><td class=\"has-text-align-center\" data-align=\"center\"><\/td><\/tr><tr><td class=\"has-text-align-left\" data-align=\"left\">Gen\u00e9tica M\u00e9dica<\/td><td class=\"has-text-align-center\" data-align=\"center\">4<\/td><td class=\"has-text-align-center\" data-align=\"center\"><\/td><\/tr><tr><td class=\"has-text-align-left\" data-align=\"left\">Infectologia<\/td><td class=\"has-text-align-center\" data-align=\"center\">7<\/td><td class=\"has-text-align-center\" data-align=\"center\">1<\/td><\/tr><tr><td class=\"has-text-align-left\" data-align=\"left\">Medicina de Emerg\u00eancia<\/td><td class=\"has-text-align-center\" data-align=\"center\">23<\/td><td class=\"has-text-align-center\" data-align=\"center\">1<\/td><\/tr><tr><td class=\"has-text-align-left\" data-align=\"left\">Medicina de Fam\u00edlia e Comunidade<\/td><td class=\"has-text-align-center\" data-align=\"center\">10<\/td><td class=\"has-text-align-center\" data-align=\"center\"><\/td><\/tr><tr><td class=\"has-text-align-left\" data-align=\"left\">Medicina do Trabalho<\/td><td class=\"has-text-align-center\" data-align=\"center\">2<\/td><td class=\"has-text-align-center\" data-align=\"center\"><\/td><\/tr><tr><td class=\"has-text-align-left\" data-align=\"left\">Medicina Esportiva<\/td><td class=\"has-text-align-center\" data-align=\"center\">6<\/td><td class=\"has-text-align-center\" data-align=\"center\"><\/td><\/tr><tr><td class=\"has-text-align-left\" data-align=\"left\">Medicina F\u00edsica e Reabilita\u00e7\u00e3o<\/td><td class=\"has-text-align-center\" data-align=\"center\">9<\/td><td class=\"has-text-align-center\" data-align=\"center\">1<\/td><\/tr><tr><td class=\"has-text-align-left\" data-align=\"left\">Medicina Intensiva<\/td><td class=\"has-text-align-center\" data-align=\"center\">10<\/td><td class=\"has-text-align-center\" data-align=\"center\"><\/td><\/tr><tr><td class=\"has-text-align-left\" data-align=\"left\">Medicina Legal e Per\u00edcia M\u00e9dica<\/td><td class=\"has-text-align-center\" data-align=\"center\">5<\/td><td class=\"has-text-align-center\" data-align=\"center\"><\/td><\/tr><tr><td class=\"has-text-align-left\" data-align=\"left\">Medicina Nuclear<\/td><td class=\"has-text-align-center\" data-align=\"center\">5<\/td><td class=\"has-text-align-center\" data-align=\"center\"><\/td><\/tr><tr><td class=\"has-text-align-left\" data-align=\"left\">Medicina Preventiva e Social<\/td><td class=\"has-text-align-center\" data-align=\"center\">5<\/td><td class=\"has-text-align-center\" data-align=\"center\"><\/td><\/tr><tr><td class=\"has-text-align-left\" data-align=\"left\">Neurocirurgia<\/td><td class=\"has-text-align-center\" data-align=\"center\">6<\/td><td class=\"has-text-align-center\" data-align=\"center\"><\/td><\/tr><tr><td class=\"has-text-align-left\" data-align=\"left\">Neurologia<\/td><td class=\"has-text-align-center\" data-align=\"center\">12<\/td><td class=\"has-text-align-center\" data-align=\"center\"><\/td><\/tr><tr><td class=\"has-text-align-left\" data-align=\"left\">Obstetr\u00edcia e Ginecologia<\/td><td class=\"has-text-align-center\" data-align=\"center\">15<\/td><td class=\"has-text-align-center\" data-align=\"center\">1<\/td><\/tr><tr><td class=\"has-text-align-left\" data-align=\"left\">Oftalmologia<\/td><td class=\"has-text-align-center\" data-align=\"center\">12<\/td><td class=\"has-text-align-center\" data-align=\"center\">2<\/td><\/tr><tr><td class=\"has-text-align-left\" data-align=\"left\">Ortopedia e Traumatologia<\/td><td class=\"has-text-align-center\" data-align=\"center\">10<\/td><td class=\"has-text-align-center\" data-align=\"center\">8<\/td><\/tr><tr><td class=\"has-text-align-left\" data-align=\"left\">Otorrinolaringologia<\/td><td class=\"has-text-align-center\" data-align=\"center\">4<\/td><td class=\"has-text-align-center\" data-align=\"center\"><\/td><\/tr><tr><td class=\"has-text-align-left\" data-align=\"left\">Patologia<\/td><td class=\"has-text-align-center\" data-align=\"center\">9<\/td><td class=\"has-text-align-center\" data-align=\"center\"><\/td><\/tr><tr><td class=\"has-text-align-left\" data-align=\"left\">Patologia Cl\u00ednica\/Medicina Laboratorial<\/td><td class=\"has-text-align-center\" data-align=\"center\">2<\/td><td class=\"has-text-align-center\" data-align=\"center\"><\/td><\/tr><tr><td class=\"has-text-align-left\" data-align=\"left\">Pediatria<\/td><td class=\"has-text-align-center\" data-align=\"center\">38<\/td><td class=\"has-text-align-center\" data-align=\"center\">2<\/td><\/tr><tr><td class=\"has-text-align-left\" data-align=\"left\">Psiquiatria<\/td><td class=\"has-text-align-center\" data-align=\"center\">17<\/td><td class=\"has-text-align-center\" data-align=\"center\">3<\/td><\/tr><tr><td class=\"has-text-align-left\" data-align=\"left\">Radiologia e Diagn\u00f3stico por Imagem<\/td><td class=\"has-text-align-center\" data-align=\"center\">21<\/td><td class=\"has-text-align-center\" data-align=\"center\">3<\/td><\/tr><tr><td class=\"has-text-align-left\" data-align=\"left\">Radioterapia<\/td><td class=\"has-text-align-center\" data-align=\"center\">5<\/td><td class=\"has-text-align-center\" data-align=\"center\"><\/td><\/tr><tr><td class=\"has-text-align-left\" data-align=\"left\"><strong>TOTAL<\/strong><\/td><td class=\"has-text-align-center\" data-align=\"center\"><strong>356<\/strong><\/td><td class=\"has-text-align-center\" data-align=\"center\"><strong>40<\/strong><\/td><\/tr><\/tbody><\/table><\/figure>\n\n\n\n<h2 class=\"wp-block-heading\" id=\"h-como-e-o-processo-seletivo-da-residencia-medica-na-usp-sp-2024\"><span class=\"ez-toc-section\" id=\"Como_e_o_Processo_Seletivo_da_Residencia_Medica_na_USP-SP_2024\"><\/span>Como \u00e9 o Processo Seletivo da Resid\u00eancia M\u00e9dica na USP-SP 2024?<span class=\"ez-toc-section-end\"><\/span><\/h2>\n\n\n\n<p>O processo seletivo para a <strong>Resid\u00eancia M\u00e9dica na <a href=\"https:\/\/www.fm.usp.br\/coreme\/residencia\/processo-seletivo\" target=\"_blank\" rel=\"noreferrer noopener\">Universidade de S\u00e3o Paulo-(USP-SP)<\/a><\/strong> \u00e9 composto por duas fases distintas, cada uma com suas caracter\u00edsticas espec\u00edficas. Vamos detalhar cada uma delas:<\/p>\n\n\n\n<h3 class=\"wp-block-heading\"><span class=\"ez-toc-section\" id=\"1a_Fase_Prova_Objetiva\"><\/span>1\u00aa Fase: Prova Objetiva<span class=\"ez-toc-section-end\"><\/span><\/h3>\n\n\n\n<p>Na primeira fase, a Prova Objetiva desempenha um papel crucial na sele\u00e7\u00e3o dos candidatos. Essa fase \u00e9 classificat\u00f3ria e eliminat\u00f3ria, e sua aplica\u00e7\u00e3o envolve o seguinte:<\/p>\n\n\n\n<ul class=\"wp-block-list\"><li>Para as especialidades de Acesso Direto e Pr\u00e9-requisito, a avalia\u00e7\u00e3o consiste em 120 quest\u00f5es de m\u00faltipla escolha. Cada quest\u00e3o apresenta quatro alternativas (modeladas como ABCD), sendo apenas uma delas a correta.<\/li><li>J\u00e1 para as especialidades de Anos Adicionais e \u00c1reas de Atua\u00e7\u00e3o, a prova cont\u00e9m 30 quest\u00f5es e possui uma dura\u00e7\u00e3o de 1 hora e 30 minutos.<\/li><\/ul>\n\n\n\n<h3 class=\"wp-block-heading\"><span class=\"ez-toc-section\" id=\"2a_Fase_Avaliacao_e_Arguicao_Curricular\"><\/span>2\u00aa Fase: Avalia\u00e7\u00e3o e Argui\u00e7\u00e3o Curricular<span class=\"ez-toc-section-end\"><\/span><\/h3>\n\n\n\n<p>A segunda fase do processo seletivo \u00e9 a Avalia\u00e7\u00e3o e Argui\u00e7\u00e3o Curricular, que \u00e9 aplicada a todos os candidatos, com exce\u00e7\u00e3o das especialidades de \u00c1reas de Atua\u00e7\u00e3o e Anos Adicionais. Nesta fase:<\/p>\n\n\n\n<ul class=\"wp-block-list\"><li>O Curriculum Vitae do participante deve ser enviado obrigatoriamente, seguindo o cronograma definido no edital.<\/li><\/ul>\n\n\n\n<h3 class=\"wp-block-heading\"><span class=\"ez-toc-section\" id=\"2a_Fase_Especialidades_de_Anos_Adicionais_e_Areas_de_Atuacao_Prova_de_Habilidades_Especificas_com_Base_em_Casos_Clinicos\"><\/span>2\u00aa Fase (Especialidades de Anos Adicionais e \u00c1reas de Atua\u00e7\u00e3o): Prova de Habilidades Espec\u00edficas com Base em Casos Cl\u00ednicos<span class=\"ez-toc-section-end\"><\/span><\/h3>\n\n\n\n<p>Para algumas especialidades de Anos Adicionais e \u00c1reas de Atua\u00e7\u00e3o, a segunda fase \u00e9 diferente e ocorre entre 18 e 24 de janeiro de 2024, em um ambiente presencial. Nessa etapa, a prova de Habilidades Espec\u00edficas tem um peso significativo, equivalente a 4. A fase pr\u00e1tica \u00e9 documentada por meio de registros gr\u00e1ficos ou eletr\u00f4nicos.<\/p>\n\n\n\n<p>\u00c9 importante notar que, para as especialidades que n\u00e3o incluem a Prova de Habilidades Espec\u00edficas, a pontua\u00e7\u00e3o da Prova Objetiva de m\u00faltipla escolha tem um peso maior, correspondendo a 9 pontos.<\/p>\n\n\n\n<p>A compreens\u00e3o detalhada dessas fases e suas respectivas exig\u00eancias \u00e9 fundamental para uma prepara\u00e7\u00e3o adequada e para maximizar suas chances de sucesso no processo seletivo da Resid\u00eancia M\u00e9dica na USP-SP. Certifique-se de verificar o edital completo para obter informa\u00e7\u00f5es atualizadas e espec\u00edficas sobre cada especialidade<\/p>\n\n\n\n<h2 class=\"wp-block-heading\"><span class=\"ez-toc-section\" id=\"Prepare-se_com_o_MedProvas_Revisamed\"><\/span>Prepare-se com o MedProvas Revisamed<span class=\"ez-toc-section-end\"><\/span><\/h2>\n\n\n\n<p>O MedProvas Revisamed \u00e9 a ferramenta ideal para sua prepara\u00e7\u00e3o. Oferecendo um amplo acervo de provas anteriores, conte\u00fados atualizados e um ambiente de estudo personalizado, o MedProvas Revisamed \u00e9 a escolha certa para aqueles que buscam aprimorar suas chances de sucesso na Resid\u00eancia M\u00e9dica da USP em 2024. Clique no link abaixo e comece sua jornada de prepara\u00e7\u00e3o agora mesmo:<\/p>\n\n\n\n<div class=\"wp-block-image\"><figure class=\"aligncenter\"><a href=\"https:\/\/cursosrevisamed.com.br\/medprovas\/\"><img decoding=\"async\" src=\"https:\/\/medprovas.com.br\/blog\/wp-content\/uploads\/2023\/05\/Post-4.png\" alt=\"Banco de quest\u00f5es MedProvas oferece provas na \u00edntegra e comentadas\"\/><\/a><\/figure><\/div>\n\n\n\n<p>N\u00e3o perca a oportunidade de se destacar no processo seletivo da Resid\u00eancia M\u00e9dica da USP em 2024. Prepare-se de forma adequada e esteja um passo \u00e0 frente da concorr\u00eancia. Boa sorte!<\/p>\n","protected":false},"excerpt":{"rendered":"<p>Descubra todas as oportunidades da Resid\u00eancia M\u00e9dica 2024 USP: especialidades, datas importantes e dicas essenciais para sua prepara\u00e7\u00e3o. <\/p>\n","protected":false},"author":3,"featured_media":26009,"comment_status":"open","ping_status":"open","sticky":false,"template":"","format":"standard","meta":{"_acf_changed":false,"footnotes":""},"categories":[2638,2759,7,10,2758],"tags":[2888,176],"class_list":["post-25988","post","type-post","status-publish","format-standard","has-post-thumbnail","hentry","category-destaque","category-editais-calendario-de-provas","category-noticias","category-residencia-medica","category-revisamed","tag-residenciamedica2024-2","tag-residencia-usp"],"acf":[],"gutentor_comment":1,"yoast_head":"<!-- This site is optimized with the Yoast SEO Premium plugin v25.5 (Yoast SEO v25.5) - https:\/\/yoast.com\/wordpress\/plugins\/seo\/ -->\n<title>USP-SP divulga edital de Resid\u00eancia com quase 800 vagas<\/title>\n<meta name=\"description\" content=\"Descubra todas as oportunidades da Resid\u00eancia M\u00e9dica 2024 USP: especialidades, datas importantes e dicas essenciais para sua prepara\u00e7\u00e3o.\" \/>\n<meta name=\"robots\" content=\"index, follow, max-snippet:-1, max-image-preview:large, max-video-preview:-1\" \/>\n<link rel=\"canonical\" href=\"https:\/\/medprovas.com.br\/blog\/usp-sp-divulga-edital-de-residencia-vagas\/\" \/>\n<meta property=\"og:locale\" content=\"pt_BR\" \/>\n<meta property=\"og:type\" content=\"article\" \/>\n<meta property=\"og:title\" content=\"USP-SP divulga edital de Resid\u00eancia com quase 800 vagas\" \/>\n<meta property=\"og:description\" content=\"Descubra todas as oportunidades da Resid\u00eancia M\u00e9dica 2024 USP: especialidades, datas importantes e dicas essenciais para sua prepara\u00e7\u00e3o.\" \/>\n<meta property=\"og:url\" content=\"https:\/\/medprovas.com.br\/blog\/usp-sp-divulga-edital-de-residencia-vagas\/\" \/>\n<meta property=\"og:site_name\" content=\"MedProvas\" \/>\n<meta property=\"article:publisher\" content=\"https:\/\/www.facebook.com\/revisamedRM\" \/>\n<meta property=\"article:published_time\" content=\"2023-09-25T18:35:53+00:00\" \/>\n<meta property=\"article:modified_time\" content=\"2023-09-26T14:56:14+00:00\" \/>\n<meta property=\"og:image\" content=\"https:\/\/medprovas.com.br\/blog\/wp-content\/uploads\/2023\/09\/Fachada-da-Faculdade-de-Medicina.jpg\" \/>\n\t<meta property=\"og:image:width\" content=\"1280\" \/>\n\t<meta property=\"og:image:height\" content=\"720\" \/>\n\t<meta property=\"og:image:type\" content=\"image\/jpeg\" \/>\n<meta name=\"author\" content=\"Revisamed\" \/>\n<meta name=\"twitter:card\" content=\"summary_large_image\" \/>\n<meta name=\"twitter:creator\" content=\"@RevisamedRM\" \/>\n<meta name=\"twitter:site\" content=\"@RevisamedRM\" \/>\n<meta name=\"twitter:label1\" content=\"Escrito por\" \/>\n\t<meta name=\"twitter:data1\" content=\"Revisamed\" \/>\n\t<meta name=\"twitter:label2\" content=\"Est. tempo de leitura\" \/>\n\t<meta name=\"twitter:data2\" content=\"5 minutos\" \/>\n<script type=\"application\/ld+json\" class=\"yoast-schema-graph\">{\"@context\":\"https:\/\/schema.org\",\"@graph\":[{\"@type\":\"Article\",\"@id\":\"https:\/\/medprovas.com.br\/blog\/usp-sp-divulga-edital-de-residencia-vagas\/#article\",\"isPartOf\":{\"@id\":\"https:\/\/medprovas.com.br\/blog\/usp-sp-divulga-edital-de-residencia-vagas\/\"},\"author\":{\"name\":\"Revisamed\",\"@id\":\"https:\/\/medprovas.com.br\/blog\/#\/schema\/person\/79121322845f0fd65eae5c73613d9cbe\"},\"headline\":\"USP-SP divulga edital de Resid\u00eancia com quase 800 vagas\",\"datePublished\":\"2023-09-25T18:35:53+00:00\",\"dateModified\":\"2023-09-26T14:56:14+00:00\",\"mainEntityOfPage\":{\"@id\":\"https:\/\/medprovas.com.br\/blog\/usp-sp-divulga-edital-de-residencia-vagas\/\"},\"wordCount\":820,\"commentCount\":1,\"publisher\":{\"@id\":\"https:\/\/medprovas.com.br\/blog\/#organization\"},\"image\":{\"@id\":\"https:\/\/medprovas.com.br\/blog\/usp-sp-divulga-edital-de-residencia-vagas\/#primaryimage\"},\"thumbnailUrl\":\"https:\/\/medprovas.com.br\/blog\/wp-content\/uploads\/2023\/09\/Fachada-da-Faculdade-de-Medicina.jpg\",\"keywords\":[\"#residenciamedica2024\",\"residencia USP\"],\"articleSection\":[\"Destaque\",\"Editais\",\"Not\u00edcias\",\"Resid\u00eancia M\u00e9dica\",\"Revisamed\"],\"inLanguage\":\"pt-BR\",\"potentialAction\":[{\"@type\":\"CommentAction\",\"name\":\"Comment\",\"target\":[\"https:\/\/medprovas.com.br\/blog\/usp-sp-divulga-edital-de-residencia-vagas\/#respond\"]}]},{\"@type\":\"WebPage\",\"@id\":\"https:\/\/medprovas.com.br\/blog\/usp-sp-divulga-edital-de-residencia-vagas\/\",\"url\":\"https:\/\/medprovas.com.br\/blog\/usp-sp-divulga-edital-de-residencia-vagas\/\",\"name\":\"USP-SP divulga edital de Resid\u00eancia com quase 800 vagas\",\"isPartOf\":{\"@id\":\"https:\/\/medprovas.com.br\/blog\/#website\"},\"primaryImageOfPage\":{\"@id\":\"https:\/\/medprovas.com.br\/blog\/usp-sp-divulga-edital-de-residencia-vagas\/#primaryimage\"},\"image\":{\"@id\":\"https:\/\/medprovas.com.br\/blog\/usp-sp-divulga-edital-de-residencia-vagas\/#primaryimage\"},\"thumbnailUrl\":\"https:\/\/medprovas.com.br\/blog\/wp-content\/uploads\/2023\/09\/Fachada-da-Faculdade-de-Medicina.jpg\",\"datePublished\":\"2023-09-25T18:35:53+00:00\",\"dateModified\":\"2023-09-26T14:56:14+00:00\",\"description\":\"Descubra todas as oportunidades da Resid\u00eancia M\u00e9dica 2024 USP: especialidades, datas importantes e dicas essenciais para sua prepara\u00e7\u00e3o.\",\"breadcrumb\":{\"@id\":\"https:\/\/medprovas.com.br\/blog\/usp-sp-divulga-edital-de-residencia-vagas\/#breadcrumb\"},\"inLanguage\":\"pt-BR\",\"potentialAction\":[{\"@type\":\"ReadAction\",\"target\":[\"https:\/\/medprovas.com.br\/blog\/usp-sp-divulga-edital-de-residencia-vagas\/\"]}]},{\"@type\":\"ImageObject\",\"inLanguage\":\"pt-BR\",\"@id\":\"https:\/\/medprovas.com.br\/blog\/usp-sp-divulga-edital-de-residencia-vagas\/#primaryimage\",\"url\":\"https:\/\/medprovas.com.br\/blog\/wp-content\/uploads\/2023\/09\/Fachada-da-Faculdade-de-Medicina.jpg\",\"contentUrl\":\"https:\/\/medprovas.com.br\/blog\/wp-content\/uploads\/2023\/09\/Fachada-da-Faculdade-de-Medicina.jpg\",\"width\":1280,\"height\":720},{\"@type\":\"BreadcrumbList\",\"@id\":\"https:\/\/medprovas.com.br\/blog\/usp-sp-divulga-edital-de-residencia-vagas\/#breadcrumb\",\"itemListElement\":[{\"@type\":\"ListItem\",\"position\":1,\"name\":\"In\u00edcio\",\"item\":\"https:\/\/medprovas.com.br\/blog\/\"},{\"@type\":\"ListItem\",\"position\":2,\"name\":\"USP-SP divulga edital de Resid\u00eancia com quase 800 vagas\"}]},{\"@type\":\"WebSite\",\"@id\":\"https:\/\/medprovas.com.br\/blog\/#website\",\"url\":\"https:\/\/medprovas.com.br\/blog\/\",\"name\":\"MedProvas\",\"description\":\"O caminho mais f\u00e1cil para a sua Resid\u00eancia M\u00e9dica\",\"publisher\":{\"@id\":\"https:\/\/medprovas.com.br\/blog\/#organization\"},\"potentialAction\":[{\"@type\":\"SearchAction\",\"target\":{\"@type\":\"EntryPoint\",\"urlTemplate\":\"https:\/\/medprovas.com.br\/blog\/?s={search_term_string}\"},\"query-input\":{\"@type\":\"PropertyValueSpecification\",\"valueRequired\":true,\"valueName\":\"search_term_string\"}}],\"inLanguage\":\"pt-BR\"},{\"@type\":\"Organization\",\"@id\":\"https:\/\/medprovas.com.br\/blog\/#organization\",\"name\":\"MedProvas\",\"url\":\"https:\/\/medprovas.com.br\/blog\/\",\"logo\":{\"@type\":\"ImageObject\",\"inLanguage\":\"pt-BR\",\"@id\":\"https:\/\/medprovas.com.br\/blog\/#\/schema\/logo\/image\/\",\"url\":\"https:\/\/medprovas.com.br\/blog\/wp-content\/uploads\/2025\/01\/WhatsApp-Image-2024-12-09-at-16.01.57-1.jpeg\",\"contentUrl\":\"https:\/\/medprovas.com.br\/blog\/wp-content\/uploads\/2025\/01\/WhatsApp-Image-2024-12-09-at-16.01.57-1.jpeg\",\"width\":1600,\"height\":348,\"caption\":\"MedProvas\"},\"image\":{\"@id\":\"https:\/\/medprovas.com.br\/blog\/#\/schema\/logo\/image\/\"},\"sameAs\":[\"https:\/\/www.facebook.com\/revisamedRM\",\"https:\/\/x.com\/RevisamedRM\",\"https:\/\/www.instagram.com\/medprovas_revisamed?igsh=dnk0M2N4YnB5Z2Jo\",\"https:\/\/www.linkedin.com\/company\/revisamedrm\/mycompany\/\",\"https:\/\/m.youtube.com\/@medprovas\"]},{\"@type\":\"Person\",\"@id\":\"https:\/\/medprovas.com.br\/blog\/#\/schema\/person\/79121322845f0fd65eae5c73613d9cbe\",\"name\":\"Revisamed\",\"image\":{\"@type\":\"ImageObject\",\"inLanguage\":\"pt-BR\",\"@id\":\"https:\/\/medprovas.com.br\/blog\/#\/schema\/person\/image\/\",\"url\":\"https:\/\/secure.gravatar.com\/avatar\/fd011dda0cae554d6925a1acdeceacbe?s=96&d=mm&r=g\",\"contentUrl\":\"https:\/\/secure.gravatar.com\/avatar\/fd011dda0cae554d6925a1acdeceacbe?s=96&d=mm&r=g\",\"caption\":\"Revisamed\"},\"url\":\"https:\/\/medprovas.com.br\/blog\/author\/claudia\/\"}]}<\/script>\n<!-- \/ Yoast SEO Premium plugin. -->","yoast_head_json":{"title":"USP-SP divulga edital de Resid\u00eancia com quase 800 vagas","description":"Descubra todas as oportunidades da Resid\u00eancia M\u00e9dica 2024 USP: especialidades, datas importantes e dicas essenciais para sua prepara\u00e7\u00e3o.","robots":{"index":"index","follow":"follow","max-snippet":"max-snippet:-1","max-image-preview":"max-image-preview:large","max-video-preview":"max-video-preview:-1"},"canonical":"https:\/\/medprovas.com.br\/blog\/usp-sp-divulga-edital-de-residencia-vagas\/","og_locale":"pt_BR","og_type":"article","og_title":"USP-SP divulga edital de Resid\u00eancia com quase 800 vagas","og_description":"Descubra todas as oportunidades da Resid\u00eancia M\u00e9dica 2024 USP: especialidades, datas importantes e dicas essenciais para sua prepara\u00e7\u00e3o.","og_url":"https:\/\/medprovas.com.br\/blog\/usp-sp-divulga-edital-de-residencia-vagas\/","og_site_name":"MedProvas","article_publisher":"https:\/\/www.facebook.com\/revisamedRM","article_published_time":"2023-09-25T18:35:53+00:00","article_modified_time":"2023-09-26T14:56:14+00:00","og_image":[{"width":1280,"height":720,"url":"https:\/\/medprovas.com.br\/blog\/wp-content\/uploads\/2023\/09\/Fachada-da-Faculdade-de-Medicina.jpg","type":"image\/jpeg"}],"author":"Revisamed","twitter_card":"summary_large_image","twitter_creator":"@RevisamedRM","twitter_site":"@RevisamedRM","twitter_misc":{"Escrito por":"Revisamed","Est. tempo de leitura":"5 minutos"},"schema":{"@context":"https:\/\/schema.org","@graph":[{"@type":"Article","@id":"https:\/\/medprovas.com.br\/blog\/usp-sp-divulga-edital-de-residencia-vagas\/#article","isPartOf":{"@id":"https:\/\/medprovas.com.br\/blog\/usp-sp-divulga-edital-de-residencia-vagas\/"},"author":{"name":"Revisamed","@id":"https:\/\/medprovas.com.br\/blog\/#\/schema\/person\/79121322845f0fd65eae5c73613d9cbe"},"headline":"USP-SP divulga edital de Resid\u00eancia com quase 800 vagas","datePublished":"2023-09-25T18:35:53+00:00","dateModified":"2023-09-26T14:56:14+00:00","mainEntityOfPage":{"@id":"https:\/\/medprovas.com.br\/blog\/usp-sp-divulga-edital-de-residencia-vagas\/"},"wordCount":820,"commentCount":1,"publisher":{"@id":"https:\/\/medprovas.com.br\/blog\/#organization"},"image":{"@id":"https:\/\/medprovas.com.br\/blog\/usp-sp-divulga-edital-de-residencia-vagas\/#primaryimage"},"thumbnailUrl":"https:\/\/medprovas.com.br\/blog\/wp-content\/uploads\/2023\/09\/Fachada-da-Faculdade-de-Medicina.jpg","keywords":["#residenciamedica2024","residencia USP"],"articleSection":["Destaque","Editais","Not\u00edcias","Resid\u00eancia M\u00e9dica","Revisamed"],"inLanguage":"pt-BR","potentialAction":[{"@type":"CommentAction","name":"Comment","target":["https:\/\/medprovas.com.br\/blog\/usp-sp-divulga-edital-de-residencia-vagas\/#respond"]}]},{"@type":"WebPage","@id":"https:\/\/medprovas.com.br\/blog\/usp-sp-divulga-edital-de-residencia-vagas\/","url":"https:\/\/medprovas.com.br\/blog\/usp-sp-divulga-edital-de-residencia-vagas\/","name":"USP-SP divulga edital de Resid\u00eancia com quase 800 vagas","isPartOf":{"@id":"https:\/\/medprovas.com.br\/blog\/#website"},"primaryImageOfPage":{"@id":"https:\/\/medprovas.com.br\/blog\/usp-sp-divulga-edital-de-residencia-vagas\/#primaryimage"},"image":{"@id":"https:\/\/medprovas.com.br\/blog\/usp-sp-divulga-edital-de-residencia-vagas\/#primaryimage"},"thumbnailUrl":"https:\/\/medprovas.com.br\/blog\/wp-content\/uploads\/2023\/09\/Fachada-da-Faculdade-de-Medicina.jpg","datePublished":"2023-09-25T18:35:53+00:00","dateModified":"2023-09-26T14:56:14+00:00","description":"Descubra todas as oportunidades da Resid\u00eancia M\u00e9dica 2024 USP: especialidades, datas importantes e dicas essenciais para sua prepara\u00e7\u00e3o.","breadcrumb":{"@id":"https:\/\/medprovas.com.br\/blog\/usp-sp-divulga-edital-de-residencia-vagas\/#breadcrumb"},"inLanguage":"pt-BR","potentialAction":[{"@type":"ReadAction","target":["https:\/\/medprovas.com.br\/blog\/usp-sp-divulga-edital-de-residencia-vagas\/"]}]},{"@type":"ImageObject","inLanguage":"pt-BR","@id":"https:\/\/medprovas.com.br\/blog\/usp-sp-divulga-edital-de-residencia-vagas\/#primaryimage","url":"https:\/\/medprovas.com.br\/blog\/wp-content\/uploads\/2023\/09\/Fachada-da-Faculdade-de-Medicina.jpg","contentUrl":"https:\/\/medprovas.com.br\/blog\/wp-content\/uploads\/2023\/09\/Fachada-da-Faculdade-de-Medicina.jpg","width":1280,"height":720},{"@type":"BreadcrumbList","@id":"https:\/\/medprovas.com.br\/blog\/usp-sp-divulga-edital-de-residencia-vagas\/#breadcrumb","itemListElement":[{"@type":"ListItem","position":1,"name":"In\u00edcio","item":"https:\/\/medprovas.com.br\/blog\/"},{"@type":"ListItem","position":2,"name":"USP-SP divulga edital de Resid\u00eancia com quase 800 vagas"}]},{"@type":"WebSite","@id":"https:\/\/medprovas.com.br\/blog\/#website","url":"https:\/\/medprovas.com.br\/blog\/","name":"MedProvas","description":"O caminho mais f\u00e1cil para a sua Resid\u00eancia M\u00e9dica","publisher":{"@id":"https:\/\/medprovas.com.br\/blog\/#organization"},"potentialAction":[{"@type":"SearchAction","target":{"@type":"EntryPoint","urlTemplate":"https:\/\/medprovas.com.br\/blog\/?s={search_term_string}"},"query-input":{"@type":"PropertyValueSpecification","valueRequired":true,"valueName":"search_term_string"}}],"inLanguage":"pt-BR"},{"@type":"Organization","@id":"https:\/\/medprovas.com.br\/blog\/#organization","name":"MedProvas","url":"https:\/\/medprovas.com.br\/blog\/","logo":{"@type":"ImageObject","inLanguage":"pt-BR","@id":"https:\/\/medprovas.com.br\/blog\/#\/schema\/logo\/image\/","url":"https:\/\/medprovas.com.br\/blog\/wp-content\/uploads\/2025\/01\/WhatsApp-Image-2024-12-09-at-16.01.57-1.jpeg","contentUrl":"https:\/\/medprovas.com.br\/blog\/wp-content\/uploads\/2025\/01\/WhatsApp-Image-2024-12-09-at-16.01.57-1.jpeg","width":1600,"height":348,"caption":"MedProvas"},"image":{"@id":"https:\/\/medprovas.com.br\/blog\/#\/schema\/logo\/image\/"},"sameAs":["https:\/\/www.facebook.com\/revisamedRM","https:\/\/x.com\/RevisamedRM","https:\/\/www.instagram.com\/medprovas_revisamed?igsh=dnk0M2N4YnB5Z2Jo","https:\/\/www.linkedin.com\/company\/revisamedrm\/mycompany\/","https:\/\/m.youtube.com\/@medprovas"]},{"@type":"Person","@id":"https:\/\/medprovas.com.br\/blog\/#\/schema\/person\/79121322845f0fd65eae5c73613d9cbe","name":"Revisamed","image":{"@type":"ImageObject","inLanguage":"pt-BR","@id":"https:\/\/medprovas.com.br\/blog\/#\/schema\/person\/image\/","url":"https:\/\/secure.gravatar.com\/avatar\/fd011dda0cae554d6925a1acdeceacbe?s=96&d=mm&r=g","contentUrl":"https:\/\/secure.gravatar.com\/avatar\/fd011dda0cae554d6925a1acdeceacbe?s=96&d=mm&r=g","caption":"Revisamed"},"url":"https:\/\/medprovas.com.br\/blog\/author\/claudia\/"}]}},"_links":{"self":[{"href":"https:\/\/medprovas.com.br\/blog\/wp-json\/wp\/v2\/posts\/25988","targetHints":{"allow":["GET"]}}],"collection":[{"href":"https:\/\/medprovas.com.br\/blog\/wp-json\/wp\/v2\/posts"}],"about":[{"href":"https:\/\/medprovas.com.br\/blog\/wp-json\/wp\/v2\/types\/post"}],"author":[{"embeddable":true,"href":"https:\/\/medprovas.com.br\/blog\/wp-json\/wp\/v2\/users\/3"}],"replies":[{"embeddable":true,"href":"https:\/\/medprovas.com.br\/blog\/wp-json\/wp\/v2\/comments?post=25988"}],"version-history":[{"count":6,"href":"https:\/\/medprovas.com.br\/blog\/wp-json\/wp\/v2\/posts\/25988\/revisions"}],"predecessor-version":[{"id":26036,"href":"https:\/\/medprovas.com.br\/blog\/wp-json\/wp\/v2\/posts\/25988\/revisions\/26036"}],"wp:featuredmedia":[{"embeddable":true,"href":"https:\/\/medprovas.com.br\/blog\/wp-json\/wp\/v2\/media\/26009"}],"wp:attachment":[{"href":"https:\/\/medprovas.com.br\/blog\/wp-json\/wp\/v2\/media?parent=25988"}],"wp:term":[{"taxonomy":"category","embeddable":true,"href":"https:\/\/medprovas.com.br\/blog\/wp-json\/wp\/v2\/categories?post=25988"},{"taxonomy":"post_tag","embeddable":true,"href":"https:\/\/medprovas.com.br\/blog\/wp-json\/wp\/v2\/tags?post=25988"}],"curies":[{"name":"wp","href":"https:\/\/api.w.org\/{rel}","templated":true}]}}