{"id":2508,"date":"2019-01-29T17:49:45","date_gmt":"2019-01-29T17:49:45","guid":{"rendered":"https:\/\/www.revisamed.com.br\/blog\/?p=2508"},"modified":"2023-04-26T10:41:57","modified_gmt":"2023-04-26T13:41:57","slug":"vagas-em-pe","status":"publish","type":"post","link":"https:\/\/medprovas.com.br\/blog\/vagas-em-pe\/","title":{"rendered":"Sele\u00e7\u00e3o para resid\u00eancia m\u00e9dica em Pernambuco oferece 108 vagas"},"content":{"rendered":"<a href=\"_wp_link_placeholder\" data-wplink-edit=\"true\">A\u00a0 Secretaria Estadual de Sa\u00fade (SES) de Pernambuco<\/a> est\u00e1 com inscri\u00e7\u00f5es abertas para o processo seletivo de resid\u00eancia m\u00e9dica para 2019. Est\u00e3o sendo oferecidas 108 vagas em diversas especialidades m\u00e9dicas.\n\nAs inscri\u00e7\u00f5es podem ser realizadas pela internet at\u00e9 o dia 12 de fevereiro.\u00a0Est\u00e3o dispon\u00edveis 108 vagas para quem cursou medicina. A taxa de inscri\u00e7\u00e3o custa R$ 490 e deve ser paga at\u00e9 o dia 13 de fevereiro, em qualquer casa lot\u00e9rica conveniada com a Caixa Econ\u00f4mica Federal.\n\n<!-- \/wp:paragraph -->\n\n<!-- wp:paragraph -->\n\nDas vagas, 31 s\u00e3o novas, aprovadas recentemente pela Comiss\u00e3o Nacional de Resid\u00eancia M\u00e9dica. Entre as novidades, destaque para a resid\u00eancia de cirurgia bari\u00e1trica no Hospital das Cl\u00ednicas (HC). As outras 77 vagas s\u00e3o as que n\u00e3o foram preenchidas do certame realizado em 2018.\n\n<blockquote class=\"wp-embedded-content\" data-secret=\"BT8thwLs95\"><a href=\"https:\/\/medprovas.com.br\/blog\/tudo-sobre-residencia-medica\/\">Resid\u00eancia M\u00e9dica: provas, especialidades, bolsas e dura\u00e7\u00e3o<\/a><\/blockquote><iframe loading=\"lazy\" class=\"wp-embedded-content\" sandbox=\"allow-scripts\" security=\"restricted\" style=\"position: absolute; visibility: hidden;\" title=\"&#8220;Resid\u00eancia M\u00e9dica: provas, especialidades, bolsas e dura\u00e7\u00e3o&#8221; &#8212; MedProvas\" src=\"https:\/\/medprovas.com.br\/blog\/tudo-sobre-residencia-medica\/embed\/#?secret=h5mJiZcH58#?secret=BT8thwLs95\" data-secret=\"BT8thwLs95\" width=\"600\" height=\"338\" frameborder=\"0\" marginwidth=\"0\" marginheight=\"0\" scrolling=\"no\"><\/iframe>\n\n<!-- \/wp:paragraph -->\n\n<!-- wp:paragraph -->\n\nAs especialidades da sele\u00e7\u00e3o s\u00e3o: Cirurgia Geral; Medicina de Fam\u00edlia e Comunidade; Oftalmologia; Ortopedia e Traumatologia; Cancerologia Cl\u00ednica e Cir\u00fargica; Hematologia e Hemoterapia; Nefrologia e Nefrologia Pedi\u00e1trica; Infectologia; Hematologia e Hemoterapia Pedi\u00e1trica; Neonatologia; Psiquiatria Infantil; Mastologia; Ecocardiografia; Hemodin\u00e2mica e Cardiologia Intervencionista; Eletrofisiologia Cl\u00ednica Invasiva; Ultrassonografia em Genecologia e Obstetr\u00edcia; Endoscopia Ginecol\u00f3gica; Cirurgia de Cabe\u00e7a e Pesco\u00e7o; Anestesiolgia Pedi\u00e1trica e Cirurgia Tor\u00e1cica.\n\n<!-- \/wp:paragraph -->\n\n<!-- wp:paragraph -->\n<h5><strong>Bolsa de R4 de R$ 3.330,43<\/strong><\/h5>\n<!-- \/wp:paragraph -->\n\n<!-- wp:paragraph -->\n\nO valor da bolsa \u00e9 de R$ 3.330,43. A prova da sele\u00e7\u00e3o ser\u00e1 realizada no pr\u00f3ximo dia 24.02, no Recife. O resultado final ser\u00e1 divulgado no dia 13 de mar\u00e7o. Os candidatos devem ficar atentos aos prazos e \u00e0s documenta\u00e7\u00f5es necess\u00e1rias para cada etapa de sele\u00e7\u00e3o.\n\n<!-- \/wp:paragraph -->\n\n<!-- wp:paragraph -->\n<h5><strong>Pr\u00e9-matr\u00edcula online<\/strong><\/h5>\n<!-- \/wp:paragraph -->\n\n<!-- wp:paragraph -->\n\nOs aprovados devem realizar a pr\u00e9-matr\u00edcula on-line no rhose.saude.pe.gov.br, a partir da divulga\u00e7\u00e3o do resultado. A matr\u00edcula deve ser feita no dia 15 de mar\u00e7o, com assinatura do termo de compromisso. O in\u00edcio da resid\u00eancia ser\u00e1 em 16.03. D\u00favidas em rela\u00e7\u00e3o ao processo seletivo devem ser enviadas para o e-mail: iaupe.residenciamedica2019@gmail.com.\n\n<!-- \/wp:paragraph -->\n\n<!-- wp:paragraph -->\n\nTamb\u00e9m \u00e9 poss\u00edvel pedir isen\u00e7\u00e3o do valor, mas \u00e9 preciso comprovar a necessidade. O pedido deve ser feito at\u00e9 o dia 3 de fevereiro. O Instituto de Medicina Integral Professor Fernando Figueira (Imip), nos Coelhos, na \u00e1rea central do Recife, \u00e9 um dos locais com vagas.\n\n<!-- \/wp:paragraph -->\n\n<!-- wp:paragraph -->\n\nO processo seletivo \u00e9 realizado por meio de prova escrita, que deve ser aplicada no Recife, no dia 24 de fevereiro. Os locais de teste s\u00e3o divulgados at\u00e9 o dia 20, no mesmo site em que o candidato realizou a inscri\u00e7\u00e3o. No dia da prova, \u00e9 preciso levar um documento original de identifica\u00e7\u00e3o, com foto, al\u00e9m de uma caneta esferogr\u00e1fica azul ou preta.\n\n<a href=\"https:\/\/medprovas.com.br\/blog\/residencia-medica-2023\/\">Clique aqui<\/a> e veja mais vagas abertas para Resid\u00eancia M\u00e9dica\n\n<!-- \/wp:paragraph -->","protected":false},"excerpt":{"rendered":"<p>A Secretaria Estadual de Sa\u00fade (SES) de Pernambuco est\u00e1 com inscri\u00e7\u00f5es abertas para concurso com 108 vagas para novos residentes da \u00e1rea m\u00e9dica.<\/p>\n","protected":false},"author":3,"featured_media":0,"comment_status":"open","ping_status":"open","sticky":false,"template":"","format":"standard","meta":{"_acf_changed":false,"footnotes":""},"categories":[3,2759],"tags":[2647,2687,2688],"class_list":["post-2508","post","type-post","status-publish","format-standard","hentry","category-calendario-de-provas","category-editais-calendario-de-provas","tag-nordeste","tag-pernambuco","tag-ses-pe"],"acf":[],"gutentor_comment":0,"yoast_head":"<!-- This site is optimized with the Yoast SEO Premium plugin v25.5 (Yoast SEO v25.5) - https:\/\/yoast.com\/wordpress\/plugins\/seo\/ -->\n<title>Pernambuco abre 108 vagas para Resid\u00eancia | Blog Revisamed<\/title>\n<meta name=\"description\" content=\"A Secretaria Estadual de Sa\u00fade (SES) de Pernambuco est\u00e1 com inscri\u00e7\u00f5es abertas para concurso com 108 vagas para resid\u00eancia m\u00e9dica.\" \/>\n<meta name=\"robots\" content=\"index, follow, max-snippet:-1, max-image-preview:large, max-video-preview:-1\" \/>\n<link rel=\"canonical\" href=\"https:\/\/medprovas.com.br\/blog\/vagas-em-pe\/\" \/>\n<meta property=\"og:locale\" content=\"pt_BR\" \/>\n<meta property=\"og:type\" content=\"article\" \/>\n<meta property=\"og:title\" content=\"Sele\u00e7\u00e3o para resid\u00eancia m\u00e9dica em Pernambuco oferece 108 vagas\" \/>\n<meta property=\"og:description\" content=\"A Secretaria Estadual de Sa\u00fade (SES) de Pernambuco est\u00e1 com inscri\u00e7\u00f5es abertas para concurso com 108 vagas para resid\u00eancia m\u00e9dica.\" \/>\n<meta property=\"og:url\" content=\"https:\/\/medprovas.com.br\/blog\/vagas-em-pe\/\" \/>\n<meta property=\"og:site_name\" content=\"MedProvas\" \/>\n<meta property=\"article:publisher\" content=\"https:\/\/www.facebook.com\/revisamedRM\" \/>\n<meta property=\"article:published_time\" content=\"2019-01-29T17:49:45+00:00\" \/>\n<meta property=\"article:modified_time\" content=\"2023-04-26T13:41:57+00:00\" \/>\n<meta name=\"author\" content=\"Revisamed\" \/>\n<meta name=\"twitter:card\" content=\"summary_large_image\" \/>\n<meta name=\"twitter:creator\" content=\"@RevisamedRM\" \/>\n<meta name=\"twitter:site\" content=\"@RevisamedRM\" \/>\n<meta name=\"twitter:label1\" content=\"Escrito por\" \/>\n\t<meta name=\"twitter:data1\" content=\"Revisamed\" \/>\n\t<meta name=\"twitter:label2\" content=\"Est. tempo de leitura\" \/>\n\t<meta name=\"twitter:data2\" content=\"3 minutos\" \/>\n<script type=\"application\/ld+json\" class=\"yoast-schema-graph\">{\"@context\":\"https:\/\/schema.org\",\"@graph\":[{\"@type\":\"Article\",\"@id\":\"https:\/\/medprovas.com.br\/blog\/vagas-em-pe\/#article\",\"isPartOf\":{\"@id\":\"https:\/\/medprovas.com.br\/blog\/vagas-em-pe\/\"},\"author\":{\"name\":\"Revisamed\",\"@id\":\"https:\/\/medprovas.com.br\/blog\/#\/schema\/person\/79121322845f0fd65eae5c73613d9cbe\"},\"headline\":\"Sele\u00e7\u00e3o para resid\u00eancia m\u00e9dica em Pernambuco oferece 108 vagas\",\"datePublished\":\"2019-01-29T17:49:45+00:00\",\"dateModified\":\"2023-04-26T13:41:57+00:00\",\"mainEntityOfPage\":{\"@id\":\"https:\/\/medprovas.com.br\/blog\/vagas-em-pe\/\"},\"wordCount\":469,\"commentCount\":0,\"publisher\":{\"@id\":\"https:\/\/medprovas.com.br\/blog\/#organization\"},\"keywords\":[\"Nordeste\",\"Pernambuco\",\"SES-PE\"],\"articleSection\":[\"Calend\u00e1rio de Provas\",\"Editais\"],\"inLanguage\":\"pt-BR\",\"potentialAction\":[{\"@type\":\"CommentAction\",\"name\":\"Comment\",\"target\":[\"https:\/\/medprovas.com.br\/blog\/vagas-em-pe\/#respond\"]}]},{\"@type\":\"WebPage\",\"@id\":\"https:\/\/medprovas.com.br\/blog\/vagas-em-pe\/\",\"url\":\"https:\/\/medprovas.com.br\/blog\/vagas-em-pe\/\",\"name\":\"Pernambuco abre 108 vagas para Resid\u00eancia | Blog Revisamed\",\"isPartOf\":{\"@id\":\"https:\/\/medprovas.com.br\/blog\/#website\"},\"datePublished\":\"2019-01-29T17:49:45+00:00\",\"dateModified\":\"2023-04-26T13:41:57+00:00\",\"description\":\"A Secretaria Estadual de Sa\u00fade (SES) de Pernambuco est\u00e1 com inscri\u00e7\u00f5es abertas para concurso com 108 vagas para resid\u00eancia m\u00e9dica.\",\"breadcrumb\":{\"@id\":\"https:\/\/medprovas.com.br\/blog\/vagas-em-pe\/#breadcrumb\"},\"inLanguage\":\"pt-BR\",\"potentialAction\":[{\"@type\":\"ReadAction\",\"target\":[\"https:\/\/medprovas.com.br\/blog\/vagas-em-pe\/\"]}]},{\"@type\":\"BreadcrumbList\",\"@id\":\"https:\/\/medprovas.com.br\/blog\/vagas-em-pe\/#breadcrumb\",\"itemListElement\":[{\"@type\":\"ListItem\",\"position\":1,\"name\":\"In\u00edcio\",\"item\":\"https:\/\/medprovas.com.br\/blog\/\"},{\"@type\":\"ListItem\",\"position\":2,\"name\":\"Sele\u00e7\u00e3o para resid\u00eancia m\u00e9dica em Pernambuco oferece 108 vagas\"}]},{\"@type\":\"WebSite\",\"@id\":\"https:\/\/medprovas.com.br\/blog\/#website\",\"url\":\"https:\/\/medprovas.com.br\/blog\/\",\"name\":\"MedProvas\",\"description\":\"O caminho mais f\u00e1cil para a sua Resid\u00eancia M\u00e9dica\",\"publisher\":{\"@id\":\"https:\/\/medprovas.com.br\/blog\/#organization\"},\"potentialAction\":[{\"@type\":\"SearchAction\",\"target\":{\"@type\":\"EntryPoint\",\"urlTemplate\":\"https:\/\/medprovas.com.br\/blog\/?s={search_term_string}\"},\"query-input\":{\"@type\":\"PropertyValueSpecification\",\"valueRequired\":true,\"valueName\":\"search_term_string\"}}],\"inLanguage\":\"pt-BR\"},{\"@type\":\"Organization\",\"@id\":\"https:\/\/medprovas.com.br\/blog\/#organization\",\"name\":\"MedProvas\",\"url\":\"https:\/\/medprovas.com.br\/blog\/\",\"logo\":{\"@type\":\"ImageObject\",\"inLanguage\":\"pt-BR\",\"@id\":\"https:\/\/medprovas.com.br\/blog\/#\/schema\/logo\/image\/\",\"url\":\"https:\/\/medprovas.com.br\/blog\/wp-content\/uploads\/2025\/01\/WhatsApp-Image-2024-12-09-at-16.01.57-1.jpeg\",\"contentUrl\":\"https:\/\/medprovas.com.br\/blog\/wp-content\/uploads\/2025\/01\/WhatsApp-Image-2024-12-09-at-16.01.57-1.jpeg\",\"width\":1600,\"height\":348,\"caption\":\"MedProvas\"},\"image\":{\"@id\":\"https:\/\/medprovas.com.br\/blog\/#\/schema\/logo\/image\/\"},\"sameAs\":[\"https:\/\/www.facebook.com\/revisamedRM\",\"https:\/\/x.com\/RevisamedRM\",\"https:\/\/www.instagram.com\/medprovas_revisamed?igsh=dnk0M2N4YnB5Z2Jo\",\"https:\/\/www.linkedin.com\/company\/revisamedrm\/mycompany\/\",\"https:\/\/m.youtube.com\/@medprovas\"]},{\"@type\":\"Person\",\"@id\":\"https:\/\/medprovas.com.br\/blog\/#\/schema\/person\/79121322845f0fd65eae5c73613d9cbe\",\"name\":\"Revisamed\",\"image\":{\"@type\":\"ImageObject\",\"inLanguage\":\"pt-BR\",\"@id\":\"https:\/\/medprovas.com.br\/blog\/#\/schema\/person\/image\/\",\"url\":\"https:\/\/secure.gravatar.com\/avatar\/fd011dda0cae554d6925a1acdeceacbe?s=96&d=mm&r=g\",\"contentUrl\":\"https:\/\/secure.gravatar.com\/avatar\/fd011dda0cae554d6925a1acdeceacbe?s=96&d=mm&r=g\",\"caption\":\"Revisamed\"},\"url\":\"https:\/\/medprovas.com.br\/blog\/author\/claudia\/\"}]}<\/script>\n<!-- \/ Yoast SEO Premium plugin. -->","yoast_head_json":{"title":"Pernambuco abre 108 vagas para Resid\u00eancia | Blog Revisamed","description":"A Secretaria Estadual de Sa\u00fade (SES) de Pernambuco est\u00e1 com inscri\u00e7\u00f5es abertas para concurso com 108 vagas para resid\u00eancia m\u00e9dica.","robots":{"index":"index","follow":"follow","max-snippet":"max-snippet:-1","max-image-preview":"max-image-preview:large","max-video-preview":"max-video-preview:-1"},"canonical":"https:\/\/medprovas.com.br\/blog\/vagas-em-pe\/","og_locale":"pt_BR","og_type":"article","og_title":"Sele\u00e7\u00e3o para resid\u00eancia m\u00e9dica em Pernambuco oferece 108 vagas","og_description":"A Secretaria Estadual de Sa\u00fade (SES) de Pernambuco est\u00e1 com inscri\u00e7\u00f5es abertas para concurso com 108 vagas para resid\u00eancia m\u00e9dica.","og_url":"https:\/\/medprovas.com.br\/blog\/vagas-em-pe\/","og_site_name":"MedProvas","article_publisher":"https:\/\/www.facebook.com\/revisamedRM","article_published_time":"2019-01-29T17:49:45+00:00","article_modified_time":"2023-04-26T13:41:57+00:00","author":"Revisamed","twitter_card":"summary_large_image","twitter_creator":"@RevisamedRM","twitter_site":"@RevisamedRM","twitter_misc":{"Escrito por":"Revisamed","Est. tempo de leitura":"3 minutos"},"schema":{"@context":"https:\/\/schema.org","@graph":[{"@type":"Article","@id":"https:\/\/medprovas.com.br\/blog\/vagas-em-pe\/#article","isPartOf":{"@id":"https:\/\/medprovas.com.br\/blog\/vagas-em-pe\/"},"author":{"name":"Revisamed","@id":"https:\/\/medprovas.com.br\/blog\/#\/schema\/person\/79121322845f0fd65eae5c73613d9cbe"},"headline":"Sele\u00e7\u00e3o para resid\u00eancia m\u00e9dica em Pernambuco oferece 108 vagas","datePublished":"2019-01-29T17:49:45+00:00","dateModified":"2023-04-26T13:41:57+00:00","mainEntityOfPage":{"@id":"https:\/\/medprovas.com.br\/blog\/vagas-em-pe\/"},"wordCount":469,"commentCount":0,"publisher":{"@id":"https:\/\/medprovas.com.br\/blog\/#organization"},"keywords":["Nordeste","Pernambuco","SES-PE"],"articleSection":["Calend\u00e1rio de Provas","Editais"],"inLanguage":"pt-BR","potentialAction":[{"@type":"CommentAction","name":"Comment","target":["https:\/\/medprovas.com.br\/blog\/vagas-em-pe\/#respond"]}]},{"@type":"WebPage","@id":"https:\/\/medprovas.com.br\/blog\/vagas-em-pe\/","url":"https:\/\/medprovas.com.br\/blog\/vagas-em-pe\/","name":"Pernambuco abre 108 vagas para Resid\u00eancia | Blog Revisamed","isPartOf":{"@id":"https:\/\/medprovas.com.br\/blog\/#website"},"datePublished":"2019-01-29T17:49:45+00:00","dateModified":"2023-04-26T13:41:57+00:00","description":"A Secretaria Estadual de Sa\u00fade (SES) de Pernambuco est\u00e1 com inscri\u00e7\u00f5es abertas para concurso com 108 vagas para resid\u00eancia m\u00e9dica.","breadcrumb":{"@id":"https:\/\/medprovas.com.br\/blog\/vagas-em-pe\/#breadcrumb"},"inLanguage":"pt-BR","potentialAction":[{"@type":"ReadAction","target":["https:\/\/medprovas.com.br\/blog\/vagas-em-pe\/"]}]},{"@type":"BreadcrumbList","@id":"https:\/\/medprovas.com.br\/blog\/vagas-em-pe\/#breadcrumb","itemListElement":[{"@type":"ListItem","position":1,"name":"In\u00edcio","item":"https:\/\/medprovas.com.br\/blog\/"},{"@type":"ListItem","position":2,"name":"Sele\u00e7\u00e3o para resid\u00eancia m\u00e9dica em Pernambuco oferece 108 vagas"}]},{"@type":"WebSite","@id":"https:\/\/medprovas.com.br\/blog\/#website","url":"https:\/\/medprovas.com.br\/blog\/","name":"MedProvas","description":"O caminho mais f\u00e1cil para a sua Resid\u00eancia M\u00e9dica","publisher":{"@id":"https:\/\/medprovas.com.br\/blog\/#organization"},"potentialAction":[{"@type":"SearchAction","target":{"@type":"EntryPoint","urlTemplate":"https:\/\/medprovas.com.br\/blog\/?s={search_term_string}"},"query-input":{"@type":"PropertyValueSpecification","valueRequired":true,"valueName":"search_term_string"}}],"inLanguage":"pt-BR"},{"@type":"Organization","@id":"https:\/\/medprovas.com.br\/blog\/#organization","name":"MedProvas","url":"https:\/\/medprovas.com.br\/blog\/","logo":{"@type":"ImageObject","inLanguage":"pt-BR","@id":"https:\/\/medprovas.com.br\/blog\/#\/schema\/logo\/image\/","url":"https:\/\/medprovas.com.br\/blog\/wp-content\/uploads\/2025\/01\/WhatsApp-Image-2024-12-09-at-16.01.57-1.jpeg","contentUrl":"https:\/\/medprovas.com.br\/blog\/wp-content\/uploads\/2025\/01\/WhatsApp-Image-2024-12-09-at-16.01.57-1.jpeg","width":1600,"height":348,"caption":"MedProvas"},"image":{"@id":"https:\/\/medprovas.com.br\/blog\/#\/schema\/logo\/image\/"},"sameAs":["https:\/\/www.facebook.com\/revisamedRM","https:\/\/x.com\/RevisamedRM","https:\/\/www.instagram.com\/medprovas_revisamed?igsh=dnk0M2N4YnB5Z2Jo","https:\/\/www.linkedin.com\/company\/revisamedrm\/mycompany\/","https:\/\/m.youtube.com\/@medprovas"]},{"@type":"Person","@id":"https:\/\/medprovas.com.br\/blog\/#\/schema\/person\/79121322845f0fd65eae5c73613d9cbe","name":"Revisamed","image":{"@type":"ImageObject","inLanguage":"pt-BR","@id":"https:\/\/medprovas.com.br\/blog\/#\/schema\/person\/image\/","url":"https:\/\/secure.gravatar.com\/avatar\/fd011dda0cae554d6925a1acdeceacbe?s=96&d=mm&r=g","contentUrl":"https:\/\/secure.gravatar.com\/avatar\/fd011dda0cae554d6925a1acdeceacbe?s=96&d=mm&r=g","caption":"Revisamed"},"url":"https:\/\/medprovas.com.br\/blog\/author\/claudia\/"}]}},"_links":{"self":[{"href":"https:\/\/medprovas.com.br\/blog\/wp-json\/wp\/v2\/posts\/2508","targetHints":{"allow":["GET"]}}],"collection":[{"href":"https:\/\/medprovas.com.br\/blog\/wp-json\/wp\/v2\/posts"}],"about":[{"href":"https:\/\/medprovas.com.br\/blog\/wp-json\/wp\/v2\/types\/post"}],"author":[{"embeddable":true,"href":"https:\/\/medprovas.com.br\/blog\/wp-json\/wp\/v2\/users\/3"}],"replies":[{"embeddable":true,"href":"https:\/\/medprovas.com.br\/blog\/wp-json\/wp\/v2\/comments?post=2508"}],"version-history":[{"count":4,"href":"https:\/\/medprovas.com.br\/blog\/wp-json\/wp\/v2\/posts\/2508\/revisions"}],"predecessor-version":[{"id":25007,"href":"https:\/\/medprovas.com.br\/blog\/wp-json\/wp\/v2\/posts\/2508\/revisions\/25007"}],"wp:attachment":[{"href":"https:\/\/medprovas.com.br\/blog\/wp-json\/wp\/v2\/media?parent=2508"}],"wp:term":[{"taxonomy":"category","embeddable":true,"href":"https:\/\/medprovas.com.br\/blog\/wp-json\/wp\/v2\/categories?post=2508"},{"taxonomy":"post_tag","embeddable":true,"href":"https:\/\/medprovas.com.br\/blog\/wp-json\/wp\/v2\/tags?post=2508"}],"curies":[{"name":"wp","href":"https:\/\/api.w.org\/{rel}","templated":true}]}}