{"id":15646,"date":"2023-04-05T09:46:00","date_gmt":"2023-04-05T12:46:00","guid":{"rendered":"https:\/\/www.revisamed.com.br\/blog\/?p=5929"},"modified":"2025-01-15T13:35:03","modified_gmt":"2025-01-15T16:35:03","slug":"salario-beneficios-direitos-medico-residente","status":"publish","type":"post","link":"https:\/\/medprovas.com.br\/blog\/salario-beneficios-direitos-medico-residente\/","title":{"rendered":"Sal\u00e1rio, direitos e deveres do m\u00e9dico residente"},"content":{"rendered":"\n<p>A falta de tempo de quem est\u00e1 prestes a fazer um <strong>concurso para resid\u00eancia m\u00e9dica<\/strong> pode levar ao <strong>esquecimento de detalhes importantes da resid\u00eancia m\u00e9dica<\/strong>. Entre eles, o<strong> sal\u00e1rio, direitos e benef\u00edcios do m\u00e9dico residente.<\/strong> Vamos direto ao primeiro ponto: quanto ganha o m\u00e9dico residente. O m\u00e9dico residente ganha  <strong>R$4.106,90<\/strong> &#8211; valor atual da bolsa de estudos &#8211; para o cumprimento de<strong> 60 horas seman<\/strong>ais. As atividades incluem <strong>pr\u00e1tica m\u00e9dica com plant\u00f5es, aulas te\u00f3ricas e trabalhos cient\u00edficos.<\/strong><\/p>\n\n\n\n<p>Quem j\u00e1 vai come\u00e7ar 2023 aprovado no concurso de Resid\u00eancia M\u00e9dica precisa ficar atento. Afinal, ningu\u00e9m quer ser surpreendido no futuro com algum crit\u00e9rio que desconhecia. <\/p>\n\n\n\n<p id=\"h-por-isto-o-revisamed-reuniu-neste-artigo-todas-as-dicas-para-voce\"><strong>Por isto, o Revisamed reuniu, neste artigo, todas as dicas para voc\u00ea.<\/strong><\/p>\n\n\n\n<p>\u00c9&nbsp; essencial que o <strong>m\u00e9dico residente conhe\u00e7a todas as regras do programa de resid\u00eancia da institui\u00e7\u00e3o e o edital do concurso<\/strong>. De um ano para o outro, os <strong>editais mudam<\/strong> da mesma forma que as resolu\u00e7\u00f5es e portarias da <strong>Comiss\u00e3o Nacional de Resid\u00eancia M\u00e9dica (<a href=\"https:\/\/www.gov.br\/mec\/pt-br\/residencia-medica\" target=\"_blank\" rel=\"noreferrer noopener\">CNRM<\/a>) e das Comiss\u00f5es Estaduais de Resid\u00eancia M\u00e9dica.&nbsp;<\/strong><\/p>\n\n\n\n<p><strong>Cabe \u00e0s comiss\u00f5es nacional e estaduais<\/strong>, juntamente com o Minist\u00e9rio da Educa\u00e7\u00e3o, o acompanhamento dos programas de resid\u00eancia. E como em qualquer rela\u00e7\u00e3o de trabalho e estudo, <strong>o m\u00e9dico residente tem direitos e deveres<\/strong>, al\u00e9m da bolsa de estudos. Estes estabelecidos em contrato entre as institui\u00e7\u00f5es que oferecem o programa e o residente.<\/p>\n\n\n\n<div id=\"ez-toc-container\" class=\"ez-toc-v2_0_82_2 counter-flat ez-toc-counter ez-toc-custom ez-toc-container-direction\">\n<div class=\"ez-toc-title-container\">\n<p class=\"ez-toc-title\" style=\"cursor:inherit\">A seguir, voc\u00ea vai saber:<\/p>\n<span class=\"ez-toc-title-toggle\"><\/span><\/div>\n<nav><ul class='ez-toc-list ez-toc-list-level-1 ' ><li class='ez-toc-page-1'><a class=\"ez-toc-link ez-toc-heading-1\" href=\"https:\/\/medprovas.com.br\/blog\/salario-beneficios-direitos-medico-residente\/#Voce_sabe_quais_sao_estes_direitos_e_deveres_do_medico_residente\" >Voc\u00ea sabe quais s\u00e3o estes direitos e deveres do m\u00e9dico residente?<\/a><\/li><li class='ez-toc-page-1'><a class=\"ez-toc-link ez-toc-heading-2\" href=\"https:\/\/medprovas.com.br\/blog\/salario-beneficios-direitos-medico-residente\/#Qual_e_o_valor_da_bolsa_de_estudo_da_residencia_medica_e_quais_as_deducoes_legais\" >Qual \u00e9 o valor da bolsa de estudo da resid\u00eancia m\u00e9dica e quais as dedu\u00e7\u00f5es legais?<\/a><\/li><li class='ez-toc-page-1'><a class=\"ez-toc-link ez-toc-heading-3\" href=\"https:\/\/medprovas.com.br\/blog\/salario-beneficios-direitos-medico-residente\/#Quem_financia_as_bolsas_de_estudo_para_o_residente\" >Quem financia as bolsas de estudo para o residente?<\/a><\/li><li class='ez-toc-page-1'><a class=\"ez-toc-link ez-toc-heading-4\" href=\"https:\/\/medprovas.com.br\/blog\/salario-beneficios-direitos-medico-residente\/#Existe_vinculo_empregaticio_entre_o_medico_residente_e_o_hospital\" >Existe v\u00ednculo empregat\u00edcio entre o m\u00e9dico residente e o hospital?<\/a><\/li><li class='ez-toc-page-1'><a class=\"ez-toc-link ez-toc-heading-5\" href=\"https:\/\/medprovas.com.br\/blog\/salario-beneficios-direitos-medico-residente\/#Medico_residente_tem_direto_a_13o_salario\" >M\u00e9dico residente tem direto a 13\u00ba sal\u00e1rio<\/a><\/li><li class='ez-toc-page-1'><a class=\"ez-toc-link ez-toc-heading-6\" href=\"https:\/\/medprovas.com.br\/blog\/salario-beneficios-direitos-medico-residente\/#Quais_os_beneficios_e_direitos_do_medico_residente_no_hospital\" >Quais os benef\u00edcios e direitos do m\u00e9dico residente no hospital ?<\/a><\/li><li class='ez-toc-page-1'><a class=\"ez-toc-link ez-toc-heading-7\" href=\"https:\/\/medprovas.com.br\/blog\/salario-beneficios-direitos-medico-residente\/#Carga_horaria_da_residencia_medica\" >Carga hor\u00e1ria da resid\u00eancia m\u00e9dica<\/a><\/li><li class='ez-toc-page-1'><a class=\"ez-toc-link ez-toc-heading-8\" href=\"https:\/\/medprovas.com.br\/blog\/salario-beneficios-direitos-medico-residente\/#Alguns_diretos_do_medico_residente\" >Alguns diretos do m\u00e9dico residente<\/a><\/li><li class='ez-toc-page-1'><a class=\"ez-toc-link ez-toc-heading-9\" href=\"https:\/\/medprovas.com.br\/blog\/salario-beneficios-direitos-medico-residente\/#E_permitido_estagio_durante_a_residencia_medica\" >\u00c9 permitido est\u00e1gio durante a resid\u00eancia m\u00e9dica?<\/a><\/li><li class='ez-toc-page-1'><a class=\"ez-toc-link ez-toc-heading-10\" href=\"https:\/\/medprovas.com.br\/blog\/salario-beneficios-direitos-medico-residente\/#Qual_a_responsabilidade_civil_do_medico_residente\" >Qual a responsabilidade civil do m\u00e9dico residente?<\/a><\/li><li class='ez-toc-page-1'><a class=\"ez-toc-link ez-toc-heading-11\" href=\"https:\/\/medprovas.com.br\/blog\/salario-beneficios-direitos-medico-residente\/#As_regras_do_internato_sao_as_mesmas_da_residencia_medica\" >As regras do internato s\u00e3o as mesmas da resid\u00eancia m\u00e9dica?<\/a><\/li><li class='ez-toc-page-1'><a class=\"ez-toc-link ez-toc-heading-12\" href=\"https:\/\/medprovas.com.br\/blog\/salario-beneficios-direitos-medico-residente\/#Veja_outras_duvidas_sobre_diretos_e_deveres_do_medico_residente\" >Veja outras d\u00favidas sobre diretos e deveres do m\u00e9dico residente<\/a><\/li><li class='ez-toc-page-1'><a class=\"ez-toc-link ez-toc-heading-13\" href=\"https:\/\/medprovas.com.br\/blog\/salario-beneficios-direitos-medico-residente\/#Ha_obrigatoriedade_da_existencia_de_um_contrato_entre_os_residentes_e_o_hospital_credenciado_pelo_MEC_para_a_realizacao_do_programa_de_Residencia_Medica\" >H\u00e1 obrigatoriedade da exist\u00eancia de um contrato entre os residentes e o hospital credenciado pelo MEC para a realiza\u00e7\u00e3o do programa de Resid\u00eancia M\u00e9dica?<\/a><\/li><li class='ez-toc-page-1'><a class=\"ez-toc-link ez-toc-heading-14\" href=\"https:\/\/medprovas.com.br\/blog\/salario-beneficios-direitos-medico-residente\/#Como_e_feito_o_pagamento_da_bolsa_quando_a_medica_residente_esta_em_licenca_maternidade\" >Como \u00e9 feito o pagamento da bolsa quando a m\u00e9dica residente est\u00e1 em licen\u00e7a maternidade?<\/a><\/li><li class='ez-toc-page-1'><a class=\"ez-toc-link ez-toc-heading-15\" href=\"https:\/\/medprovas.com.br\/blog\/salario-beneficios-direitos-medico-residente\/#O_Medico_Residente_pode_ter_algum_vinculo_contrato_com_algum_outro_hospital_alem_do_que_ele_faz_Residencia_Medica\" >O M\u00e9dico Residente pode ter algum vinculo\/ contrato com algum outro hospital, al\u00e9m do que ele faz Resid\u00eancia M\u00e9dica?<\/a><\/li><li class='ez-toc-page-1'><a class=\"ez-toc-link ez-toc-heading-16\" href=\"https:\/\/medprovas.com.br\/blog\/salario-beneficios-direitos-medico-residente\/#Se_o_preceptor_nao_tem_obrigacao_de_discutir_os_casos_nos_fins_de_semanas_e_feriados_E_se_for_uma_imposicao_do_MEC_o_que_devemos_fazer_para_conseguirmos_a_presenca_do_preceptor_nos_dias_citados\" >Se o preceptor n\u00e3o tem obriga\u00e7\u00e3o de discutir os casos nos fins de semanas e feriados? E se for uma imposi\u00e7\u00e3o do MEC o que devemos fazer para conseguirmos a presen\u00e7a do preceptor nos dias citados?<\/a><\/li><li class='ez-toc-page-1'><a class=\"ez-toc-link ez-toc-heading-17\" href=\"https:\/\/medprovas.com.br\/blog\/salario-beneficios-direitos-medico-residente\/#O_residente_tem_obrigacao_de_bater_ponto_como_os_funcionarios_do_hospital\" >O residente tem obriga\u00e7\u00e3o de bater ponto como os funcion\u00e1rios do hospital?<\/a><\/li><li class='ez-toc-page-1'><a class=\"ez-toc-link ez-toc-heading-18\" href=\"https:\/\/medprovas.com.br\/blog\/salario-beneficios-direitos-medico-residente\/#Faco_Residencia_Medica_de_Clinica_Medica_em_um_hospital_que_nao_apresenta_ambulatorio_durante_a_Residencia_O_que_devo_fazer_a_respeito\" >Fa\u00e7o Resid\u00eancia M\u00e9dica de Cl\u00ednica M\u00e9dica em um hospital que n\u00e3o apresenta ambulat\u00f3rio durante a Resid\u00eancia. O que devo fazer a respeito?<\/a><\/li><li class='ez-toc-page-1'><a class=\"ez-toc-link ez-toc-heading-19\" href=\"https:\/\/medprovas.com.br\/blog\/salario-beneficios-direitos-medico-residente\/#Quando_um_medico_residente_entra_em_periodo_de_ferias_suas_atividades_leitos_de_enfermaria_ambulatorios_e_plantoes_deverao_ser_realizadas_e_assumidas_pelo_corpo_clinico_do_servico_ou_pelos_seus_colegas_residentes\" >Quando um m\u00e9dico residente entra em per\u00edodo de f\u00e9rias, suas atividades (leitos de enfermaria, ambulat\u00f3rios e plant\u00f5es) dever\u00e3o ser realizadas e assumidas pelo corpo cl\u00ednico do servi\u00e7o ou pelos seus colegas residentes?<\/a><\/li><li class='ez-toc-page-1'><a class=\"ez-toc-link ez-toc-heading-20\" href=\"https:\/\/medprovas.com.br\/blog\/salario-beneficios-direitos-medico-residente\/#Medico_Residente_tem_direito_a_carteirinha_para_meia-entrada\" >M\u00e9dico Residente tem direito a carteirinha para meia-entrada?<\/a><\/li><li class='ez-toc-page-1'><a class=\"ez-toc-link ez-toc-heading-21\" href=\"https:\/\/medprovas.com.br\/blog\/salario-beneficios-direitos-medico-residente\/#Saiba_todas_as_exigencias_e_criterios_da_instituicao_onde_fazer_a_sua_residencia\" >Saiba todas as exig\u00eancias e crit\u00e9rios da institui\u00e7\u00e3o onde fazer a sua resid\u00eancia<\/a><\/li><\/ul><\/nav><\/div>\n<h2 class=\"wp-block-heading\" id=\"h-voce-sabe-quais-sao-estes-direitos-e-deveres-do-medico-residente\"><span class=\"ez-toc-section\" id=\"Voce_sabe_quais_sao_estes_direitos_e_deveres_do_medico_residente\"><\/span>Voc\u00ea sabe quais s\u00e3o estes direitos e deveres do m\u00e9dico residente?<span class=\"ez-toc-section-end\"><\/span><\/h2>\n\n\n\n<p>Neste artigo, procuramos <strong>esclarecer todos os detalhes sobre o tema<\/strong>. Ao conquistar a sua vaga na resid\u00eancia m\u00e9dica, voc\u00ea j\u00e1 ter\u00e1 conhecimento sobre a rela\u00e7\u00e3o legal com a institui\u00e7\u00e3o escolhida.<\/p>\n\n\n\n<h2 class=\"wp-block-heading\" id=\"h-qual-e-o-valor-da-bolsa-de-estudo-da-residencia-medica-e-quais-as-deducoes-legais\"><span class=\"ez-toc-section\" id=\"Qual_e_o_valor_da_bolsa_de_estudo_da_residencia_medica_e_quais_as_deducoes_legais\"><\/span>Qual \u00e9 o valor da bolsa de estudo da resid\u00eancia m\u00e9dica e quais as dedu\u00e7\u00f5es legais?<span class=\"ez-toc-section-end\"><\/span><\/h2>\n\n\n\n<p>Come\u00e7ando pela quest\u00e3o dos <strong>valores da bolsas de resid\u00eancia<\/strong>, j\u00e1 citado anteriormente, por\u00e9m, vamos detalhar. O<strong> residente R1 &#8211; ou seja, <\/strong>que foi aprovado no concurso para a especialidade m\u00e9dica de <a href=\"https:\/\/medprovas.com.br\/blog\/residencia-com-acesso-direto\/\" target=\"_blank\" rel=\"noreferrer noopener\">acesso direto<\/a><strong>, tem direito a um valor mensal  bruto de<\/strong> <strong>R$4.106,90<\/strong>. Este valor come\u00e7ou a vigorar a  partir de 1\u00ba de janeiro de 2022, ap\u00f3s um reajuste de 23,29%. Antes, a bolsa era de R$ 3.330,43.<\/p>\n\n\n\n<p> A carga hor\u00e1ria  para a resid\u00eancia m\u00e9dica \u00e9 de 60 horas semanais.<\/p>\n\n\n\n<p>A al\u00edquota de <strong>contribui\u00e7\u00e3o previdenci\u00e1ria \u00e9 de 11%, deduzida da bolsa do residente, e 20% recolhida pela institui\u00e7\u00e3o<\/strong>. A \u00fanica exce\u00e7\u00e3o \u00e0 regra \u00e9 se a <strong>financiadora for uma institui\u00e7\u00e3o filantr\u00f3pica: neste caso \u00e9 descontado 20% diretamente da bolsa do residente.<\/strong><\/p>\n\n\n\n<figure class=\"wp-block-embed is-type-wp-embed is-provider-revisamed wp-block-embed-revisamed\"><div class=\"wp-block-embed__wrapper\">\n<blockquote class=\"wp-embedded-content\" data-secret=\"ZTvHbYe3En\"><a href=\"https:\/\/medprovas.com.br\/blog\/aumento-da-bolsa-de-residencia-medica\/\">Bolsa de Resid\u00eancia M\u00e9dica aumenta para R$ 4.106,09<\/a><\/blockquote><iframe loading=\"lazy\" class=\"wp-embedded-content\" sandbox=\"allow-scripts\" security=\"restricted\" style=\"position: absolute; visibility: hidden;\" title=\"&#8220;Bolsa de Resid\u00eancia M\u00e9dica aumenta para R$ 4.106,09&#8221; &#8212; Revisamed\" src=\"https:\/\/medprovas.com.br\/blog\/aumento-da-bolsa-de-residencia-medica\/embed\/#?secret=oCEDcAIBrd#?secret=ZTvHbYe3En\" data-secret=\"ZTvHbYe3En\" width=\"600\" height=\"338\" frameborder=\"0\" marginwidth=\"0\" marginheight=\"0\" scrolling=\"no\"><\/iframe>\n<\/div><\/figure>\n\n\n\n<h2 class=\"wp-block-heading\" id=\"h-quem-financia-as-bolsas-de-estudo-para-o-residente\"><span class=\"ez-toc-section\" id=\"Quem_financia_as_bolsas_de_estudo_para_o_residente\"><\/span>Quem financia as bolsas de estudo para o residente?<span class=\"ez-toc-section-end\"><\/span><\/h2>\n\n\n\n<p>O<strong> financiamento de bolsas <\/strong>pode ser realizado de<strong> forma p\u00fablica (federal, estadual, municipal ou distrital) e de forma privada.<\/strong> <\/p>\n\n\n\n<p>O <strong>Minist\u00e9rio da Educa\u00e7\u00e3o financia apenas bolsas de universidades federais e de hospitais universit\u00e1rios vinculados a elas<\/strong>.&nbsp;O Minist\u00e9rio da Sa\u00fade, por meio de editais p\u00fablicos anuais, financia <strong>institui\u00e7\u00f5es p\u00fablicas e filantr\u00f3picas.<\/strong> <\/p>\n\n\n\n<h2 class=\"wp-block-heading\" id=\"h-existe-vinculo-empregaticio-entre-o-medico-residente-e-o-hospital\"><span class=\"ez-toc-section\" id=\"Existe_vinculo_empregaticio_entre_o_medico_residente_e_o_hospital\"><\/span>Existe v\u00ednculo empregat\u00edcio entre o m\u00e9dico residente e o hospital?<span class=\"ez-toc-section-end\"><\/span><\/h2>\n\n\n\n<p><strong>N\u00e3o existe v\u00ednculo empregat\u00edcio entre o m\u00e9dico residente e o hospital onde cumpre o programa de Resid\u00eancia M\u00e9dica<\/strong>. Por\u00e9m,&nbsp; \u00e9 necess\u00e1rio o <strong>contrato onde estejam previstos os direitos e deveres do m\u00e9dico residente <\/strong>de acordo com a Lei 6932. O residente tamb\u00e9m deve receber o regulamento da resid\u00eancia m\u00e9dica da institui\u00e7\u00e3o.<\/p>\n\n\n\n<h2 class=\"wp-block-heading\" id=\"h-medico-residente-tem-direto-a-13\u00ba-salario\"><span class=\"ez-toc-section\" id=\"Medico_residente_tem_direto_a_13o_salario\"><\/span>M\u00e9dico residente tem direto a 13\u00ba sal\u00e1rio<span class=\"ez-toc-section-end\"><\/span><\/h2>\n\n\n\n<p>Como n\u00e3o h\u00e1 v\u00ednculo empregat\u00edcio, <strong>o m\u00e9dico residente n\u00e3o tem direito ao 13\u00ba sal\u00e1rio<\/strong>. Em compensa\u00e7\u00e3o, durante a resid\u00eancia m\u00e9dica, <strong>o residente pode ter v\u00ednculo\/contrato com outro hospital uma vez que a resid\u00eancia n\u00e3o \u00e9 dedica\u00e7\u00e3o exclusiva<\/strong>. Por\u00e9m, este v\u00ednculo n\u00e3o pode comprometer atividades da resid\u00eancia.&nbsp;<\/p>\n\n\n\n<p>O <strong>m\u00e9dico-residente \u00e9 filiado ao Regime Geral de Previd\u00eancia Social &#8211; RGPS como contribuinte individual<\/strong>.<\/p>\n\n\n\n<h2 class=\"wp-block-heading\" id=\"h-quais-os-beneficios-e-direitos-do-medico-residente-no-hospital\"><span class=\"ez-toc-section\" id=\"Quais_os_beneficios_e_direitos_do_medico_residente_no_hospital\"><\/span>Quais os benef\u00edcios e direitos do m\u00e9dico residente no hospital ?<span class=\"ez-toc-section-end\"><\/span><\/h2>\n\n\n\n<p>De acordo com a legisla\u00e7\u00e3o, o<strong> hospital precisa disponibilizar alojamento e alimenta\u00e7\u00e3o ao residente, condi\u00e7\u00f5es adequadas para repouso e higiene pessoal durante os plant\u00f5es<\/strong>, conforme estabelecido em regulamento (<a href=\"http:\/\/www.planalto.gov.br\/ccivil_03\/_ato2011-2014\/2011\/lei\/l12514.htm\">\u00a75\u00ba Art. 1\u00ba da Lei 12.514 de 28\/10\/2011<\/a>).<\/p>\n\n\n\n<p>\u00c9 <strong>direito primordial do m\u00e9dico <\/strong>em Programa de Resid\u00eancia M\u00e9dica<strong>&nbsp;ter acesso as todas as facilidades do ponto de vista did\u00e1tico, cient\u00edfico ou assistencial<\/strong>. Assim, ele poder\u00e1 exercer suas fun\u00e7\u00f5es de treinamento espec\u00edfico na especialidade, compat\u00edveis com as condi\u00e7\u00f5es do servi\u00e7o e do Hospital.<\/p>\n\n\n\n<h2 class=\"wp-block-heading\" id=\"h-carga-horaria-da-residencia-medica\"><span class=\"ez-toc-section\" id=\"Carga_horaria_da_residencia_medica\"><\/span>Carga hor\u00e1ria da resid\u00eancia m\u00e9dica<span class=\"ez-toc-section-end\"><\/span><\/h2>\n\n\n\n<p>Em rela\u00e7\u00e3o <strong>carga hor\u00e1ria da resid\u00eancia m\u00e9dica, o limite estabelecido \u00e9 de 60 horas semanais<\/strong>. Nestas horas, est\u00e3o inclu\u00eddas <strong>um m\u00e1ximo de 24 horas de plant\u00e3o<\/strong>, e <strong>atividades te\u00f3rico-pr\u00e1ticas<\/strong>. Estas atividades s\u00e3o sob forma de sess\u00f5es de atualiza\u00e7\u00e3o, <strong>semin\u00e1rios, correla\u00e7\u00f5es clinicopatol\u00f3gicos ou outras, compreendendo um m\u00ednimo de 10% e o m\u00e1ximo de 20%<\/strong>.<\/p>\n\n\n\n<p>Para facilitar o entendimento do residente, elaboramos uma tabela com alguns dos principais pontos dos <strong>direitos e benef\u00edcios do m\u00e9dico residente<\/strong>. Tudo isto regulamentado pela <a href=\"https:\/\/www.gov.br\/mec\/pt-br\/residencia-medica\/comissao-nacional-de-residencia-medica\">Comiss\u00e3o Nacional de Resid\u00eancia M\u00e9dica<\/a> e Comiss\u00e3o Estaduais. <\/p>\n\n\n\n<h3 class=\"wp-block-heading\" id=\"h-alguns-diretos-do-medico-residente\"><span class=\"ez-toc-section\" id=\"Alguns_diretos_do_medico_residente\"><\/span>Alguns diretos do m\u00e9dico residente<span class=\"ez-toc-section-end\"><\/span><\/h3>\n\n\n\n<figure class=\"wp-block-table is-style-stripes\"><table class=\"has-fixed-layout\"><tbody><tr><td>Bolsa de Estudos<\/td><td><strong>R$4.106,90<\/strong><\/td><\/tr><tr><td>Alojamento e Alimenta\u00e7\u00e3o do &nbsp; M\u00e9dico Residente<\/td><td>A institui\u00e7\u00e3o de sa\u00fade respons\u00e1vel por programas de Resid\u00eancia M\u00e9dica oferecer\u00e1 ao m\u00e9dico-residente, durante todo o per\u00edodo de resid\u00eancia: I &#8211; condi\u00e7\u00f5es adequadas para repouso e higiene pessoal durante os plant\u00f5es; II &#8211; alimenta\u00e7\u00e3o; e III \u2013 moradia, conforme estabelecido em regulamento. \u00a75\u00ba Art. 1\u00ba da Lei 12.514 de 28\/10\/2011<\/td><\/tr><tr><td>Bolsas de Estudos<\/td><td>O valor atual da bolsa assegurada ao m\u00e9dico residente \u00e9 de R$3.330,43 podendo ser complementado a crit\u00e9rio da institui\u00e7\u00e3o financiadora. &nbsp; &nbsp;<\/td><\/tr><tr><td>Vinculo empregat\u00edcio e 13 \u00ba sal\u00e1rio<\/td><td>De acordo com a (Lei n\u00ba 6.932, de 7 de julho de 1981, e atualiza\u00e7\u00f5es), a Resid\u00eancia M\u00e9dica \u201cconstitui modalidade de ensino de p\u00f3s-gradua\u00e7\u00e3o, destinada a m\u00e9dicos, sob a forma de cursos de especializa\u00e7\u00e3o, caracterizada por treinamento em servi\u00e7o\u201d . O m\u00e9dico residente tem direito a bolsa, cujo valor dever\u00e1 constar no contrato padr\u00e3o de matr\u00edcula. Contudo, dada a inexist\u00eancia de v\u00ednculo empregat\u00edcio do residente com a institui\u00e7\u00e3o, n\u00e3o existe o direito ao benef\u00edcio do 13\u00ba sal\u00e1rio.<\/td><\/tr><tr><td>Contribui\u00e7\u00e3o previdenci\u00e1ria<\/td><td>O residente \u00e9 filiado ao Regime Geral de Previd\u00eancia Social como contribuinte individual. A al\u00edquota de contribui\u00e7\u00e3o previdenci\u00e1ria \u00e9 de 11%, deduzida da bolsa do residente e 20% recolhida pela institui\u00e7\u00e3o. A \u00fanica exce\u00e7\u00e3o \u00e0 regra \u00e9 se a financiadora for uma institui\u00e7\u00e3o filantr\u00f3pica: neste caso \u00e9 descontado 20% diretamente da bolsa do residente.<\/td><\/tr><tr><td>Descanso&nbsp;&nbsp; Obrigat\u00f3rio&nbsp;&nbsp; para&nbsp;&nbsp; o M\u00e9dico&nbsp;&nbsp; Residente&nbsp;&nbsp; que&nbsp;&nbsp; tenha cumprido&nbsp;&nbsp; Plant\u00e3o Noturno<\/td><td>&nbsp; O plant\u00e3o noturno ter\u00e1 dura\u00e7\u00e3o de, no m\u00ednimo, 12 (doze) horas. O descanso obrigat\u00f3rio ter\u00e1 seu in\u00edcio imediatamente ap\u00f3s o cumprimento do plant\u00e3o noturno e ser\u00e1, invariavelmente, de 6 (seis) horas consecutivas, por plant\u00e3o noturno. N\u00e3o ser\u00e1 permitido o ac\u00famulo de horas de descanso para serem gozadas a posteriori (Lei 6.932 de 7\/7\/1981) (Resolu\u00e7\u00e3o CNRM n\u00ba 1 de 16\/6\/2011 alterada pela Resolu\u00e7\u00e3o CNRM n\u00ba 1 de 03\/07\/2013).<\/td><\/tr><tr><td>F\u00e9rias \u2013&nbsp;&nbsp; Fracionamento&nbsp;&nbsp; de&nbsp;&nbsp; F\u00e9rias<\/td><td>De acordo com a (Lei n\u00ba 6.932, de 7 de julho de 1981, e atualiza\u00e7\u00f5es), o fracionamento de f\u00e9rias n\u00e3o \u00e9 permitido. \u00c9 o que se l\u00ea no Art. 5\u00ba, \u00a7 1\u00ba do normativo: \u201cO m\u00e9dico residente far\u00e1 jus a um dia de folga semanal e a 30 (trinta) dias consecutivos de repouso, por ano de atividade\u201d. Em raz\u00e3o do car\u00e1ter assistencial dos Programas de Resid\u00eancia M\u00e9dica, cujo diferencial \u00e9 o treinamento em servi\u00e7o em unidades de sa\u00fade, e no intuito de garantir o atendimento ao p\u00fablico, os residentes de um mesmo programa podem tirar f\u00e9rias em per\u00edodos diferentes \u2013 at\u00e9 mesmo antes de completar 1 (um) ano de atividade. Contudo, os trinta dias de f\u00e9rias devem ser gozados de uma s\u00f3 vez.<\/td><\/tr><tr><td>Licen\u00e7a&nbsp;&nbsp; Maternidade&nbsp; e&nbsp;&nbsp; Licen\u00e7a&nbsp;&nbsp; Paternidade<\/td><td>O m\u00e9dico-residente tem direito, conforme o caso, \u00e0 licen\u00e7a-paternidade de 5 (cinco) dias ou \u00e0 licen\u00e7a-maternidade de 120 (cento e vinte) dias. \u00a7 3o &nbsp;A institui\u00e7\u00e3o de sa\u00fade respons\u00e1vel por programas de resid\u00eancia m\u00e9dica poder\u00e1 prorrogar, quando requerido pela m\u00e9dica residente, o per\u00edodo de licen\u00e7a-maternidade em at\u00e9 60 (sessenta) dias. \u00a7 &nbsp;O tempo de resid\u00eancia m\u00e9dica ser\u00e1 prorrogado por prazo equivalente \u00e0 dura\u00e7\u00e3o do afastamento do m\u00e9dico-residente por motivo de sa\u00fade ou nas hip\u00f3teses de licen\u00e7as-maternidade e paternidade.<\/td><\/tr><\/tbody><\/table><\/figure>\n\n\n\n<hr class=\"wp-block-separator\"\/>\n\n\n\n<h2 class=\"wp-block-heading\"><span class=\"ez-toc-section\" id=\"E_permitido_estagio_durante_a_residencia_medica\"><\/span>\u00c9 permitido est\u00e1gio durante a resid\u00eancia m\u00e9dica?<span class=\"ez-toc-section-end\"><\/span><\/h2>\n\n\n\n<p>Em 2019, foi publicada <a href=\"https:\/\/medprovas.com.br\/blog\/wp-content\/uploads\/2023\/05\/27-RESOLUCAO-No-27-DE-18-DE-ABRIL-DE-2019-Estagio-optativo-RM.pdf\" target=\"_blank\" rel=\"noreferrer noopener\">Resolu\u00e7\u00e3o da Comiss\u00e3o Nacional de Resid\u00eancia M\u00e9dica (n\u00ba 27\/2019)<\/a> que trata sobre est\u00e1gio optativo na resid\u00eancia. Tal est\u00e1gio visa a aquisi\u00e7\u00e3o de novas compet\u00eancias \u00fateis para a especialidade e tanto sua oferta, quando sua realiza\u00e7\u00e3o s\u00e3o facultativos.<\/p>\n\n\n\n<p>As <strong>regras do est\u00e1gio facultativo s\u00e3o similares as de um est\u00e1gio normal na gradua\u00e7\u00e3o<\/strong>, podendo ser cursado, inclusive, fora do Brasil.<\/p>\n\n\n\n<p>As horas do est\u00e1gio est\u00e3o englobadas dentro da carga hor\u00e1ria total da resid\u00eancia. Em contrapartida, podem ser oferecidos deslocamento, moradia, alimenta\u00e7\u00e3o e&nbsp;seguro&nbsp;sa\u00fade pelo trabalho do m\u00e9dico residente. Ainda, \u00e9 importante ressaltar, que o <strong>est\u00e1gio optativo pode durar no m\u00e1ximo 30 dias no ano.<\/strong> A partir do segundo ano da resid\u00eancia o est\u00e1gio<strong> pode ser realizado.<\/strong><\/p>\n\n\n\n<h2 class=\"wp-block-heading\" id=\"h-qual-a-responsabilidade-civil-do-medico-residente\"><span class=\"ez-toc-section\" id=\"Qual_a_responsabilidade_civil_do_medico_residente\"><\/span>Qual a responsabilidade civil do m\u00e9dico residente?<span class=\"ez-toc-section-end\"><\/span><\/h2>\n\n\n\n<p>De acordo com o <a href=\"https:\/\/jus.com.br\/\" target=\"_blank\" rel=\"noreferrer noopener\">Portal JUS<\/a> direcionado a temas jur\u00eddicos, muito se questiona sobre <strong>a responsabilidade civil do residente<\/strong>. Por\u00e9m, o <strong>entendimento majorit\u00e1rio dos nossos tribunais \u00e9 de que n\u00e3o h\u00e1 diferencia\u00e7\u00e3o entre o m\u00e9dico residente e o especialista para fins de responsabiliza\u00e7\u00e3o<\/strong>.<\/p>\n\n\n\n<p> Isso quer dizer o seguinte: <strong>o m\u00e9dico residente, assim como os demais, \u00e9 respons\u00e1vel pelos atos que praticar<\/strong>. Ele <strong>deve responder no caso de dano ao paciente causado com culpa (neglig\u00eancia, imprud\u00eancia ou imper\u00edcia) ou dolo.<\/strong><\/p>\n\n\n\n<p>O Conselho Regional de Medicina de S\u00e3o Paulo, inclusive, na consulta 23090\/89 assim sintetizou sobre o residente: <em><strong>\u201c(&#8230;) subentende-se que tenha os necess\u00e1rios conhecimentos para tratar de vida humana. Com efeito, o Residente ao prestar atendimento ao paciente, assume a responsabilidade direta pelos atos decorrentes, n\u00e3o podendo em hip\u00f3tese alguma atribuir o insucesso a terceiros.\u201d<\/strong><\/em><\/p>\n\n\n\n<p>Entretanto, o<strong> Superior Tribunal de Justi\u00e7a<\/strong> j\u00e1 entendeu que <strong>a responsabilidade civil do m\u00e9dico residente \u00e9 de menor grau em rela\u00e7\u00e3o m\u00e9dico preceptor<\/strong>. Isto em raz\u00e3o da sua falta de especializa\u00e7\u00e3o e por estar em um processo de aprendizado. Contudo, <strong>esse n\u00e3o \u00e9 o entendimento majorit\u00e1rio.<\/strong><\/p>\n\n\n\n<p>Ainda de acordo com o portal, os residentes devem ter cuidado. A responsabilidade do m\u00e9dico residente \u00e9 igual \u00e0&nbsp;de qualquer m\u00e9dico com especializa\u00e7\u00e3o e muitos anos de carreira. Portanto, \u00e9 <strong>um mito que na resid\u00eancia apenas o m\u00e9dico preceptor que \u00e9 responsabilizado.<\/strong><\/p>\n\n\n\n<h2 class=\"wp-block-heading\"><span class=\"ez-toc-section\" id=\"As_regras_do_internato_sao_as_mesmas_da_residencia_medica\"><\/span>As regras do internato s\u00e3o as mesmas da resid\u00eancia m\u00e9dica?<span class=\"ez-toc-section-end\"><\/span><\/h2>\n\n\n\n<p>O <strong>internato difere da resid\u00eancia m\u00e9dica<\/strong> n<strong>a medida em que \u00e9 realizado por estudantes de medicina e n\u00e3o m\u00e9dicos<\/strong>. \u00c9 uma esp\u00e9cie de<strong> est\u00e1gio obrigat\u00f3rio<\/strong>, um treinamento para o estudante, sendo necess\u00e1rio j\u00e1 que \u00e9 imposs\u00edvel aprender Medicina apenas na teoria. <\/p>\n\n\n\n<p>Por suas peculiaridades, a responsabilidade do estudante no internato n\u00e3o \u00e9 a mesma do m\u00e9dico na resid\u00eancia. Em um parecer-consulta de 1996, o <strong><a href=\"http:\/\/cfm.org.br\" target=\"_blank\" rel=\"noreferrer noopener\">CFM<\/a> ressaltou que o atendimento m\u00e9dico por estudante sem supervis\u00e3o de m\u00e9dico habilitado \u00e9 exerc\u00edcio ilegal da medicina.<\/strong> Portanto<strong>, configura crime previsto no artigo 282 do CP.<\/strong><\/p>\n\n\n\n<p> No internato, portanto, <strong>deve haver supervis\u00e3o direta de m\u00e9dico<\/strong>. E, conforme entendimento do CFM, n\u00e3o h\u00e1 <strong>nenhum tipo de responsabiliza\u00e7\u00e3o legal do estudante <\/strong>que realiza o atendimento, recaindo a responsabilidade sobre o m\u00e9dico respons\u00e1vel.<\/p>\n\n\n\n<h2 class=\"wp-block-heading\" id=\"h-veja-outras-duvidas-sobre-diretos-e-deveres-do-medico-residente\"><span class=\"ez-toc-section\" id=\"Veja_outras_duvidas_sobre_diretos_e_deveres_do_medico_residente\"><\/span>Veja outras d\u00favidas sobre diretos e deveres do m\u00e9dico residente<span class=\"ez-toc-section-end\"><\/span><\/h2>\n\n\n\n<p>A Comiss\u00e3o Estadual de Resid\u00eancia M\u00e9dica (CEREM\/MG) publica em seu site na internet algumas perguntas e respostas tamb\u00e9m a respeito dos direitos e deveres do m\u00e9dicos residente. Vamos reproduzir aqui para que voc\u00ea que vai se matricular no programa de resid\u00eancia fique por dentro de todos os direitos, deveres e benef\u00edcios. Vamos l\u00e1?<\/p>\n\n\n\n<section id=\"section-751cbdad-dd6a-48d7-b38d-218fe8d905b0\" class=\"wp-block-gutentor-accordion gutentor-section gutentor-accordion-wrapper accordion-template1\"><div class=\"grid-container\"><div class=\"grid-row gutentor-grid-item-wrap\"><div class=\"grid-md-12\"><div class=\"gutentor-accordion-wrap\"><div class=\"gutentor-single-item gutentor-single-item-0\"><div class=\"gutentor-single-item-wrap\"><div class=\"gutentor-accordion-heading\"><i class=\"gutentor-accordion-icon open-icon fas fa-plus-circle\"><\/i><i class=\"gutentor-accordion-icon close-icon fas fa-minus\"><\/i><h3 class=\"gutentor-single-item-title\"><span class=\"ez-toc-section\" id=\"Ha_obrigatoriedade_da_existencia_de_um_contrato_entre_os_residentes_e_o_hospital_credenciado_pelo_MEC_para_a_realizacao_do_programa_de_Residencia_Medica\"><\/span>H\u00e1 obrigatoriedade da exist\u00eancia de um contrato entre os residentes e o hospital credenciado pelo MEC para a realiza\u00e7\u00e3o do programa de Resid\u00eancia M\u00e9dica?<span class=\"ez-toc-section-end\"><\/span><\/h3><\/div><div class=\"gutentor-accordion-body\"><p class=\"gutentor-single-item-desc\">\u00c9 necess\u00e1rio que se tenha o contrato onde estejam previstos os direitos e deveres do m\u00e9dico residente de acordo com a Lei 6932. Tamb\u00e9m \u00e9 necess\u00e1rio que se entregue ao m\u00e9dico residente no momento da assinatura do contrato o Regulamento da Resid\u00eancia M\u00e9dica da institui\u00e7\u00e3o.<\/p><\/div><\/div><\/div><\/div><div class=\"gutentor-accordion-wrap\"><div class=\"gutentor-single-item gutentor-single-item-1\"><div class=\"gutentor-single-item-wrap\"><div class=\"gutentor-accordion-heading\"><i class=\"gutentor-accordion-icon open-icon fas fa-plus-circle\"><\/i><i class=\"gutentor-accordion-icon close-icon fas fa-minus\"><\/i><h3 class=\"gutentor-single-item-title\"><span class=\"ez-toc-section\" id=\"Como_e_feito_o_pagamento_da_bolsa_quando_a_medica_residente_esta_em_licenca_maternidade\"><\/span>Como \u00e9 feito o pagamento da bolsa quando a m\u00e9dica residente est\u00e1 em licen\u00e7a maternidade?<span class=\"ez-toc-section-end\"><\/span><\/h3><\/div><div class=\"gutentor-accordion-body\"><p class=\"gutentor-single-item-desc\">De acordo com a Lei 6.932, Artigo 4\u00ba, Par\u00e1grafo 3\u00ba, voc\u00ea tem direito a bolsa durante a licen\u00e7a gesta\u00e7\u00e3o e no per\u00edodo em que estiver cumprindo a carga hor\u00e1ria que perdeu durante a licen\u00e7a (4 meses). \u00c9 de inteira responsabilidade da institui\u00e7\u00e3o o pagamento da bolsa. Como a m\u00e9dica residente \u00e9 contribuinte da Previd\u00eancia Social, a institui\u00e7\u00e3o tem o direito de recorrer a esta para o pagamento da bolsa durante a licen\u00e7a.<\/p><\/div><\/div><\/div><\/div><div class=\"gutentor-accordion-wrap\"><div class=\"gutentor-single-item gutentor-single-item-2\"><div class=\"gutentor-single-item-wrap\"><div class=\"gutentor-accordion-heading\"><i class=\"gutentor-accordion-icon open-icon fas fa-plus-circle\"><\/i><i class=\"gutentor-accordion-icon close-icon fas fa-minus\"><\/i><h3 class=\"gutentor-single-item-title\"><span class=\"ez-toc-section\" id=\"O_Medico_Residente_pode_ter_algum_vinculo_contrato_com_algum_outro_hospital_alem_do_que_ele_faz_Residencia_Medica\"><\/span>O M\u00e9dico Residente pode ter algum vinculo\/ contrato com algum outro hospital, al\u00e9m do que ele faz Resid\u00eancia M\u00e9dica?<span class=\"ez-toc-section-end\"><\/span><\/h3><\/div><div class=\"gutentor-accordion-body\"><p class=\"gutentor-single-item-desc\">Sim. A Resid\u00eancia M\u00e9dica n\u00e3o \u00e9 dedica\u00e7\u00e3o exclusiva, por\u00e9m este v\u00ednculo com outra institui\u00e7\u00e3o ou Prefeitura n\u00e3o deve comprometer nenhuma atividade da Resid\u00eancia M\u00e9dica.<\/p><\/div><\/div><\/div><\/div><div class=\"gutentor-accordion-wrap\"><div class=\"gutentor-single-item gutentor-single-item-3\"><div class=\"gutentor-single-item-wrap\"><div class=\"gutentor-accordion-heading\"><i class=\"gutentor-accordion-icon open-icon fas fa-plus-circle\"><\/i><i class=\"gutentor-accordion-icon close-icon fas fa-minus\"><\/i><h3 class=\"gutentor-single-item-title\"><span class=\"ez-toc-section\" id=\"Se_o_preceptor_nao_tem_obrigacao_de_discutir_os_casos_nos_fins_de_semanas_e_feriados_E_se_for_uma_imposicao_do_MEC_o_que_devemos_fazer_para_conseguirmos_a_presenca_do_preceptor_nos_dias_citados\"><\/span>Se o preceptor n\u00e3o tem obriga\u00e7\u00e3o de discutir os casos nos fins de semanas e feriados? E se for uma imposi\u00e7\u00e3o do MEC o que devemos fazer para conseguirmos a presen\u00e7a do preceptor nos dias citados?<span class=\"ez-toc-section-end\"><\/span><\/h3><\/div><div class=\"gutentor-accordion-body\"><p class=\"gutentor-single-item-desc\">Todas as atividades da Resid\u00eancia M\u00e9dica devem ser supervisionadas, em qualquer dia ou hor\u00e1rio. Se n\u00e3o estiver ocorrendo supervis\u00e3o nos finais de semana, se j\u00e1 foi levado o problema a COREME e n\u00e3o foi resolvido dever\u00e1 ser solicitada vistoria ao programa.<\/p><\/div><\/div><\/div><\/div><div class=\"gutentor-accordion-wrap\"><div class=\"gutentor-single-item gutentor-single-item-4\"><div class=\"gutentor-single-item-wrap\"><div class=\"gutentor-accordion-heading\"><i class=\"gutentor-accordion-icon open-icon fas fa-plus-circle\"><\/i><i class=\"gutentor-accordion-icon close-icon fas fa-minus\"><\/i><h3 class=\"gutentor-single-item-title\"><span class=\"ez-toc-section\" id=\"O_residente_tem_obrigacao_de_bater_ponto_como_os_funcionarios_do_hospital\"><\/span>O residente tem obriga\u00e7\u00e3o de bater ponto como os funcion\u00e1rios do hospital?<span class=\"ez-toc-section-end\"><\/span><\/h3><\/div><div class=\"gutentor-accordion-body\"><p class=\"gutentor-single-item-desc\">N\u00e3o h\u00e1 nenhum problema em o m\u00e9dico residente bater cart\u00e3o de ponto. \u00c9 exigido pela CNRM o cumprimento de carga hor\u00e1ria integral do programa para que possa ser fornecido o certificado de conclus\u00e3o do mesmo, sendo esta de 2880 horas anuais. Cada institui\u00e7\u00e3o adota uma forma de verifica\u00e7\u00e3o, podendo ser assinatura de presen\u00e7a, rel\u00f3gio de ponto ou outras. N\u00e3o h\u00e1 como processar o hospital, pois ao ocupar sua vaga no programa o m\u00e9dico realiza o processo seletivo espec\u00edfico para Resid\u00eancia M\u00e9dica e as Leis da Resid\u00eancia M\u00e9dica protegem a institui\u00e7\u00e3o quanto a este aspecto, com direitos e deveres pr\u00f3prios desta e n\u00e3o de outras Leis trabalhistas espec\u00edficas para os funcion\u00e1rios do hospital.<\/p><\/div><\/div><\/div><\/div><div class=\"gutentor-accordion-wrap\"><div class=\"gutentor-single-item gutentor-single-item-5\"><div class=\"gutentor-single-item-wrap\"><div class=\"gutentor-accordion-heading\"><i class=\"gutentor-accordion-icon open-icon fas fa-plus-circle\"><\/i><i class=\"gutentor-accordion-icon close-icon fas fa-minus\"><\/i><h3 class=\"gutentor-single-item-title\"><span class=\"ez-toc-section\" id=\"Faco_Residencia_Medica_de_Clinica_Medica_em_um_hospital_que_nao_apresenta_ambulatorio_durante_a_Residencia_O_que_devo_fazer_a_respeito\"><\/span>Fa\u00e7o Resid\u00eancia M\u00e9dica de Cl\u00ednica M\u00e9dica em um hospital que n\u00e3o apresenta ambulat\u00f3rio durante a Resid\u00eancia. O que devo fazer a respeito?<span class=\"ez-toc-section-end\"><\/span><\/h3><\/div><div class=\"gutentor-accordion-body\"><p class=\"gutentor-single-item-desc\">De acordo com a Resolu\u00e7\u00e3o 02\/2006 da CNRM o est\u00e1gio de ambulat\u00f3rio para o programa de cl\u00ednica m\u00e9dica \u00e9 obrigat\u00f3rio da seguinte forma: Primeiro ano: ambulat\u00f3rio geral e em unidade b\u00e1sica de sa\u00fade: 20% da carga hor\u00e1ria anual Segundo ano: ambulat\u00f3rio geral e em unidade b\u00e1sica de sa\u00fade: 30% da carga hor\u00e1ria anual e ambulat\u00f3rio de cl\u00ednicas especializadas: 10% da carga hor\u00e1ria anual. Voc\u00ea inicialmente dever\u00e1 solicitar a COREME de sua institui\u00e7\u00e3o a realiza\u00e7\u00e3o destes est\u00e1gios, caso n\u00e3o consiga resolver localmente o problema voc\u00ea dever\u00e1 enviar solicita\u00e7\u00e3o escrita e devidamente assinada a CEREM-MG para realiza\u00e7\u00e3o de vistoria.<\/p><\/div><\/div><\/div><\/div><div class=\"gutentor-accordion-wrap\"><div class=\"gutentor-single-item gutentor-single-item-6\"><div class=\"gutentor-single-item-wrap\"><div class=\"gutentor-accordion-heading\"><i class=\"gutentor-accordion-icon open-icon fas fa-plus-circle\"><\/i><i class=\"gutentor-accordion-icon close-icon fas fa-minus\"><\/i><h3 class=\"gutentor-single-item-title\"><span class=\"ez-toc-section\" id=\"Quando_um_medico_residente_entra_em_periodo_de_ferias_suas_atividades_leitos_de_enfermaria_ambulatorios_e_plantoes_deverao_ser_realizadas_e_assumidas_pelo_corpo_clinico_do_servico_ou_pelos_seus_colegas_residentes\"><\/span>Quando um m\u00e9dico residente entra em per\u00edodo de f\u00e9rias, suas atividades (leitos de enfermaria, ambulat\u00f3rios e plant\u00f5es) dever\u00e3o ser realizadas e assumidas pelo corpo cl\u00ednico do servi\u00e7o ou pelos seus colegas residentes?<span class=\"ez-toc-section-end\"><\/span><\/h3><\/div><div class=\"gutentor-accordion-body\"><p class=\"gutentor-single-item-desc\">Isto depende da organiza\u00e7\u00e3o do programa, se n\u00e3o houver altera\u00e7\u00e3o da carga hor\u00e1ria permitida por Lei e as atividades estiverem dentro da carga hor\u00e1ria prevista, n\u00e3o h\u00e1 nenhum problema em as atividades serem cobertas pelos m\u00e9dicos residentes. \u00c9 sempre obriga\u00e7\u00e3o da institui\u00e7\u00e3o a cobertura das atividades nelas existentes. O supervisor do programa ou a COREME devem programar as atividades dos m\u00e9dicos residentes dentro do previsto na Lei 6932 e Resolu\u00e7\u00e3o 02\/2006. Uma observa\u00e7\u00e3o: o m\u00e9dico residente \u00e9 parte integrante do corpo cl\u00ednico do hospital.<\/p><\/div><\/div><\/div><\/div><\/div><\/div><\/div><\/section>\n\n\n\n<h2 class=\"wp-block-heading\" id=\"h-medico-residente-tem-direito-a-carteirinha-para-meia-entrada\"><span class=\"ez-toc-section\" id=\"Medico_Residente_tem_direito_a_carteirinha_para_meia-entrada\"><\/span>M\u00e9dico Residente tem direito a carteirinha para meia-entrada?<span class=\"ez-toc-section-end\"><\/span><\/h2>\n\n\n\n<p>A <strong>Resid\u00eancia M\u00e9dica<\/strong> \u00e9 uma modalidade de p\u00f3s-gradua\u00e7\u00e3o e, portanto, garante ao m\u00e9dico residente o <strong>direito \u00e0 meia-entrada<\/strong> em <strong>eventos esportivos e culturais<\/strong>. Voc\u00ea pode utilizar sua credencial na maioria dos locais de apresenta\u00e7\u00e3o junto com uma <strong>declara\u00e7\u00e3o atualizada comprovando<\/strong> que est\u00e1 cursando a Resid\u00eancia M\u00e9dica. \u00c9 importante estar atento porque algum <strong>documento oficial (carteirinha)<\/strong>, emitida pela UNE, ANPG dentre outros, pode ser exigido por determina\u00e7\u00e3o legal.<\/p>\n\n\n\n<h2 class=\"wp-block-heading\" id=\"h-saiba-todas-as-exigencias-e-criterios-da-instituicao-onde-fazer-a-sua-residencia\"><span class=\"ez-toc-section\" id=\"Saiba_todas_as_exigencias_e_criterios_da_instituicao_onde_fazer_a_sua_residencia\"><\/span>Saiba todas as exig\u00eancias e crit\u00e9rios da institui\u00e7\u00e3o onde fazer a sua resid\u00eancia<span class=\"ez-toc-section-end\"><\/span><\/h2>\n\n\n\n<p>Ent\u00e3o, agora voc\u00ea que est\u00e1 prestes a entrar para uma programa de Resid\u00eancia M\u00e9dica j\u00e1 sabe os direitos e benef\u00edcios do m\u00e9dico residente. Mas \u00e9 importante que <strong>leia com aten\u00e7\u00e3o o edital da institui\u00e7\u00e3o<\/strong> onde vai prestar o concurso. Assim voc\u00ea j\u00e1 fica sabendo de antem\u00e3o o que est\u00e1 previsto no contrato de trabalho.<\/p>\n\n\n\n<p>E continue acompanhado o blog <strong>Resid\u00eancia M\u00e9dica<\/strong>. Aqui voc\u00ea fica por dentro de todas as informa\u00e7\u00f5es dos programas de resid\u00eancia m\u00e9dica, editais, not\u00edcias e muito mais.<\/p>\n\n\n\n<p>Se voc\u00ea ainda n\u00e3o sabe qual especialidade cursar, vale a pena dar <strong>o play no v\u00eddeo<\/strong> abaixo:<\/p>\n\n\n\n<figure class=\"wp-block-embed is-type-video is-provider-youtube wp-block-embed-youtube wp-embed-aspect-16-9 wp-has-aspect-ratio\"><div class=\"wp-block-embed__wrapper\">\n<iframe loading=\"lazy\" title=\"Como escolher a sua Resid\u00eancia M\u00e9dica - Revisamed\" width=\"640\" height=\"360\" src=\"https:\/\/www.youtube.com\/embed\/2dFk5tpLNo8?feature=oembed\" frameborder=\"0\" allow=\"accelerometer; autoplay; clipboard-write; encrypted-media; gyroscope; picture-in-picture; web-share\" referrerpolicy=\"strict-origin-when-cross-origin\" allowfullscreen><\/iframe>\n<\/div><\/figure>\n","protected":false},"excerpt":{"rendered":"<p>Quais s\u00e3o os benef\u00edcios e direitos do m\u00e9dico residente? F\u00e9rias, folgas, sal\u00e1rio&#8230; e a responsabilidade civil? Veja o que diz a lei.<\/p>\n","protected":false},"author":3,"featured_media":9357,"comment_status":"open","ping_status":"closed","sticky":false,"template":"","format":"standard","meta":{"_acf_changed":false,"footnotes":""},"categories":[2638,2663,10,2635],"tags":[2860,158,2859],"class_list":["post-15646","post","type-post","status-publish","format-standard","has-post-thumbnail","hentry","category-destaque","category-especiais","category-residencia-medica","category-vida-de-residente","tag-bolsa-de-residencia-medica","tag-residencia-medica","tag-salario-do-residente"],"acf":[],"gutentor_comment":7,"yoast_head":"<!-- This site is optimized with the Yoast SEO Premium plugin v25.5 (Yoast SEO v25.5) - https:\/\/yoast.com\/wordpress\/plugins\/seo\/ -->\n<title>Saiba quais s\u00e3o os direitos do m\u00e9dico residente - Revisamed<\/title>\n<meta name=\"description\" content=\"Quais s\u00e3o os benef\u00edcios e direitos do m\u00e9dico residente? F\u00e9rias, folgas, sal\u00e1rio... e a responsabilidade civil? Veja o que diz a lei.\" \/>\n<meta name=\"robots\" content=\"index, follow, max-snippet:-1, max-image-preview:large, max-video-preview:-1\" \/>\n<link rel=\"canonical\" href=\"https:\/\/medprovas.com.br\/blog\/salario-beneficios-direitos-medico-residente\/\" \/>\n<meta property=\"og:locale\" content=\"pt_BR\" \/>\n<meta property=\"og:type\" content=\"article\" \/>\n<meta property=\"og:title\" content=\"Sal\u00e1rio, direitos e deveres do m\u00e9dico residente\" \/>\n<meta property=\"og:description\" content=\"Quais s\u00e3o os benef\u00edcios e direitos do m\u00e9dico residente? F\u00e9rias, folgas, sal\u00e1rio... e a responsabilidade civil? Veja o que diz a lei.\" \/>\n<meta property=\"og:url\" content=\"https:\/\/medprovas.com.br\/blog\/salario-beneficios-direitos-medico-residente\/\" \/>\n<meta property=\"og:site_name\" content=\"MedProvas\" \/>\n<meta property=\"article:publisher\" content=\"https:\/\/www.facebook.com\/revisamedRM\" \/>\n<meta property=\"article:published_time\" content=\"2023-04-05T12:46:00+00:00\" \/>\n<meta property=\"article:modified_time\" content=\"2025-01-15T16:35:03+00:00\" \/>\n<meta property=\"og:image\" content=\"https:\/\/medprovas.com.br\/blog\/wp-content\/uploads\/2019\/08\/fotos-residencias-medicas-e1680704052497.png\" \/>\n\t<meta property=\"og:image:width\" content=\"995\" \/>\n\t<meta property=\"og:image:height\" content=\"560\" \/>\n\t<meta property=\"og:image:type\" content=\"image\/png\" \/>\n<meta name=\"author\" content=\"Revisamed\" \/>\n<meta name=\"twitter:card\" content=\"summary_large_image\" \/>\n<meta name=\"twitter:creator\" content=\"@RevisamedRM\" \/>\n<meta name=\"twitter:site\" content=\"@RevisamedRM\" \/>\n<meta name=\"twitter:label1\" content=\"Escrito por\" \/>\n\t<meta name=\"twitter:data1\" content=\"Revisamed\" \/>\n\t<meta name=\"twitter:label2\" content=\"Est. tempo de leitura\" \/>\n\t<meta name=\"twitter:data2\" content=\"15 minutos\" \/>\n<script type=\"application\/ld+json\" class=\"yoast-schema-graph\">{\"@context\":\"https:\/\/schema.org\",\"@graph\":[{\"@type\":\"Article\",\"@id\":\"https:\/\/medprovas.com.br\/blog\/salario-beneficios-direitos-medico-residente\/#article\",\"isPartOf\":{\"@id\":\"https:\/\/medprovas.com.br\/blog\/salario-beneficios-direitos-medico-residente\/\"},\"author\":{\"name\":\"Revisamed\",\"@id\":\"https:\/\/medprovas.com.br\/blog\/#\/schema\/person\/79121322845f0fd65eae5c73613d9cbe\"},\"headline\":\"Sal\u00e1rio, direitos e deveres do m\u00e9dico residente\",\"datePublished\":\"2023-04-05T12:46:00+00:00\",\"dateModified\":\"2025-01-15T16:35:03+00:00\",\"mainEntityOfPage\":{\"@id\":\"https:\/\/medprovas.com.br\/blog\/salario-beneficios-direitos-medico-residente\/\"},\"wordCount\":3091,\"commentCount\":7,\"publisher\":{\"@id\":\"https:\/\/medprovas.com.br\/blog\/#organization\"},\"image\":{\"@id\":\"https:\/\/medprovas.com.br\/blog\/salario-beneficios-direitos-medico-residente\/#primaryimage\"},\"thumbnailUrl\":\"https:\/\/medprovas.com.br\/blog\/wp-content\/uploads\/2019\/08\/fotos-residencias-medicas-e1680704052497.png\",\"keywords\":[\"bolsa de residencia medica\",\"residencia medica\",\"salario do residente\"],\"articleSection\":[\"Destaque\",\"Especiais\",\"Resid\u00eancia M\u00e9dica\",\"Vida de Residente\"],\"inLanguage\":\"pt-BR\",\"potentialAction\":[{\"@type\":\"CommentAction\",\"name\":\"Comment\",\"target\":[\"https:\/\/medprovas.com.br\/blog\/salario-beneficios-direitos-medico-residente\/#respond\"]}]},{\"@type\":\"WebPage\",\"@id\":\"https:\/\/medprovas.com.br\/blog\/salario-beneficios-direitos-medico-residente\/\",\"url\":\"https:\/\/medprovas.com.br\/blog\/salario-beneficios-direitos-medico-residente\/\",\"name\":\"Saiba quais s\u00e3o os direitos do m\u00e9dico residente - Revisamed\",\"isPartOf\":{\"@id\":\"https:\/\/medprovas.com.br\/blog\/#website\"},\"primaryImageOfPage\":{\"@id\":\"https:\/\/medprovas.com.br\/blog\/salario-beneficios-direitos-medico-residente\/#primaryimage\"},\"image\":{\"@id\":\"https:\/\/medprovas.com.br\/blog\/salario-beneficios-direitos-medico-residente\/#primaryimage\"},\"thumbnailUrl\":\"https:\/\/medprovas.com.br\/blog\/wp-content\/uploads\/2019\/08\/fotos-residencias-medicas-e1680704052497.png\",\"datePublished\":\"2023-04-05T12:46:00+00:00\",\"dateModified\":\"2025-01-15T16:35:03+00:00\",\"description\":\"Quais s\u00e3o os benef\u00edcios e direitos do m\u00e9dico residente? F\u00e9rias, folgas, sal\u00e1rio... e a responsabilidade civil? Veja o que diz a lei.\",\"breadcrumb\":{\"@id\":\"https:\/\/medprovas.com.br\/blog\/salario-beneficios-direitos-medico-residente\/#breadcrumb\"},\"inLanguage\":\"pt-BR\",\"potentialAction\":[{\"@type\":\"ReadAction\",\"target\":[\"https:\/\/medprovas.com.br\/blog\/salario-beneficios-direitos-medico-residente\/\"]}]},{\"@type\":\"ImageObject\",\"inLanguage\":\"pt-BR\",\"@id\":\"https:\/\/medprovas.com.br\/blog\/salario-beneficios-direitos-medico-residente\/#primaryimage\",\"url\":\"https:\/\/medprovas.com.br\/blog\/wp-content\/uploads\/2019\/08\/fotos-residencias-medicas-e1680704052497.png\",\"contentUrl\":\"https:\/\/medprovas.com.br\/blog\/wp-content\/uploads\/2019\/08\/fotos-residencias-medicas-e1680704052497.png\",\"width\":995,\"height\":560,\"caption\":\"direitos e beneficios do m\u00e9dico resid\u00eancia\"},{\"@type\":\"BreadcrumbList\",\"@id\":\"https:\/\/medprovas.com.br\/blog\/salario-beneficios-direitos-medico-residente\/#breadcrumb\",\"itemListElement\":[{\"@type\":\"ListItem\",\"position\":1,\"name\":\"In\u00edcio\",\"item\":\"https:\/\/medprovas.com.br\/blog\/\"},{\"@type\":\"ListItem\",\"position\":2,\"name\":\"Sal\u00e1rio, direitos e deveres do m\u00e9dico residente\"}]},{\"@type\":\"WebSite\",\"@id\":\"https:\/\/medprovas.com.br\/blog\/#website\",\"url\":\"https:\/\/medprovas.com.br\/blog\/\",\"name\":\"MedProvas\",\"description\":\"O caminho mais f\u00e1cil para a sua Resid\u00eancia M\u00e9dica\",\"publisher\":{\"@id\":\"https:\/\/medprovas.com.br\/blog\/#organization\"},\"potentialAction\":[{\"@type\":\"SearchAction\",\"target\":{\"@type\":\"EntryPoint\",\"urlTemplate\":\"https:\/\/medprovas.com.br\/blog\/?s={search_term_string}\"},\"query-input\":{\"@type\":\"PropertyValueSpecification\",\"valueRequired\":true,\"valueName\":\"search_term_string\"}}],\"inLanguage\":\"pt-BR\"},{\"@type\":\"Organization\",\"@id\":\"https:\/\/medprovas.com.br\/blog\/#organization\",\"name\":\"MedProvas\",\"url\":\"https:\/\/medprovas.com.br\/blog\/\",\"logo\":{\"@type\":\"ImageObject\",\"inLanguage\":\"pt-BR\",\"@id\":\"https:\/\/medprovas.com.br\/blog\/#\/schema\/logo\/image\/\",\"url\":\"https:\/\/medprovas.com.br\/blog\/wp-content\/uploads\/2025\/01\/WhatsApp-Image-2024-12-09-at-16.01.57-1.jpeg\",\"contentUrl\":\"https:\/\/medprovas.com.br\/blog\/wp-content\/uploads\/2025\/01\/WhatsApp-Image-2024-12-09-at-16.01.57-1.jpeg\",\"width\":1600,\"height\":348,\"caption\":\"MedProvas\"},\"image\":{\"@id\":\"https:\/\/medprovas.com.br\/blog\/#\/schema\/logo\/image\/\"},\"sameAs\":[\"https:\/\/www.facebook.com\/revisamedRM\",\"https:\/\/x.com\/RevisamedRM\",\"https:\/\/www.instagram.com\/medprovas_revisamed?igsh=dnk0M2N4YnB5Z2Jo\",\"https:\/\/www.linkedin.com\/company\/revisamedrm\/mycompany\/\",\"https:\/\/m.youtube.com\/@medprovas\"]},{\"@type\":\"Person\",\"@id\":\"https:\/\/medprovas.com.br\/blog\/#\/schema\/person\/79121322845f0fd65eae5c73613d9cbe\",\"name\":\"Revisamed\",\"image\":{\"@type\":\"ImageObject\",\"inLanguage\":\"pt-BR\",\"@id\":\"https:\/\/medprovas.com.br\/blog\/#\/schema\/person\/image\/\",\"url\":\"https:\/\/secure.gravatar.com\/avatar\/fd011dda0cae554d6925a1acdeceacbe?s=96&d=mm&r=g\",\"contentUrl\":\"https:\/\/secure.gravatar.com\/avatar\/fd011dda0cae554d6925a1acdeceacbe?s=96&d=mm&r=g\",\"caption\":\"Revisamed\"},\"url\":\"https:\/\/medprovas.com.br\/blog\/author\/claudia\/\"}]}<\/script>\n<!-- \/ Yoast SEO Premium plugin. -->","yoast_head_json":{"title":"Saiba quais s\u00e3o os direitos do m\u00e9dico residente - Revisamed","description":"Quais s\u00e3o os benef\u00edcios e direitos do m\u00e9dico residente? F\u00e9rias, folgas, sal\u00e1rio... e a responsabilidade civil? Veja o que diz a lei.","robots":{"index":"index","follow":"follow","max-snippet":"max-snippet:-1","max-image-preview":"max-image-preview:large","max-video-preview":"max-video-preview:-1"},"canonical":"https:\/\/medprovas.com.br\/blog\/salario-beneficios-direitos-medico-residente\/","og_locale":"pt_BR","og_type":"article","og_title":"Sal\u00e1rio, direitos e deveres do m\u00e9dico residente","og_description":"Quais s\u00e3o os benef\u00edcios e direitos do m\u00e9dico residente? F\u00e9rias, folgas, sal\u00e1rio... e a responsabilidade civil? Veja o que diz a lei.","og_url":"https:\/\/medprovas.com.br\/blog\/salario-beneficios-direitos-medico-residente\/","og_site_name":"MedProvas","article_publisher":"https:\/\/www.facebook.com\/revisamedRM","article_published_time":"2023-04-05T12:46:00+00:00","article_modified_time":"2025-01-15T16:35:03+00:00","og_image":[{"width":995,"height":560,"url":"https:\/\/medprovas.com.br\/blog\/wp-content\/uploads\/2019\/08\/fotos-residencias-medicas-e1680704052497.png","type":"image\/png"}],"author":"Revisamed","twitter_card":"summary_large_image","twitter_creator":"@RevisamedRM","twitter_site":"@RevisamedRM","twitter_misc":{"Escrito por":"Revisamed","Est. tempo de leitura":"15 minutos"},"schema":{"@context":"https:\/\/schema.org","@graph":[{"@type":"Article","@id":"https:\/\/medprovas.com.br\/blog\/salario-beneficios-direitos-medico-residente\/#article","isPartOf":{"@id":"https:\/\/medprovas.com.br\/blog\/salario-beneficios-direitos-medico-residente\/"},"author":{"name":"Revisamed","@id":"https:\/\/medprovas.com.br\/blog\/#\/schema\/person\/79121322845f0fd65eae5c73613d9cbe"},"headline":"Sal\u00e1rio, direitos e deveres do m\u00e9dico residente","datePublished":"2023-04-05T12:46:00+00:00","dateModified":"2025-01-15T16:35:03+00:00","mainEntityOfPage":{"@id":"https:\/\/medprovas.com.br\/blog\/salario-beneficios-direitos-medico-residente\/"},"wordCount":3091,"commentCount":7,"publisher":{"@id":"https:\/\/medprovas.com.br\/blog\/#organization"},"image":{"@id":"https:\/\/medprovas.com.br\/blog\/salario-beneficios-direitos-medico-residente\/#primaryimage"},"thumbnailUrl":"https:\/\/medprovas.com.br\/blog\/wp-content\/uploads\/2019\/08\/fotos-residencias-medicas-e1680704052497.png","keywords":["bolsa de residencia medica","residencia medica","salario do residente"],"articleSection":["Destaque","Especiais","Resid\u00eancia M\u00e9dica","Vida de Residente"],"inLanguage":"pt-BR","potentialAction":[{"@type":"CommentAction","name":"Comment","target":["https:\/\/medprovas.com.br\/blog\/salario-beneficios-direitos-medico-residente\/#respond"]}]},{"@type":"WebPage","@id":"https:\/\/medprovas.com.br\/blog\/salario-beneficios-direitos-medico-residente\/","url":"https:\/\/medprovas.com.br\/blog\/salario-beneficios-direitos-medico-residente\/","name":"Saiba quais s\u00e3o os direitos do m\u00e9dico residente - Revisamed","isPartOf":{"@id":"https:\/\/medprovas.com.br\/blog\/#website"},"primaryImageOfPage":{"@id":"https:\/\/medprovas.com.br\/blog\/salario-beneficios-direitos-medico-residente\/#primaryimage"},"image":{"@id":"https:\/\/medprovas.com.br\/blog\/salario-beneficios-direitos-medico-residente\/#primaryimage"},"thumbnailUrl":"https:\/\/medprovas.com.br\/blog\/wp-content\/uploads\/2019\/08\/fotos-residencias-medicas-e1680704052497.png","datePublished":"2023-04-05T12:46:00+00:00","dateModified":"2025-01-15T16:35:03+00:00","description":"Quais s\u00e3o os benef\u00edcios e direitos do m\u00e9dico residente? F\u00e9rias, folgas, sal\u00e1rio... e a responsabilidade civil? Veja o que diz a lei.","breadcrumb":{"@id":"https:\/\/medprovas.com.br\/blog\/salario-beneficios-direitos-medico-residente\/#breadcrumb"},"inLanguage":"pt-BR","potentialAction":[{"@type":"ReadAction","target":["https:\/\/medprovas.com.br\/blog\/salario-beneficios-direitos-medico-residente\/"]}]},{"@type":"ImageObject","inLanguage":"pt-BR","@id":"https:\/\/medprovas.com.br\/blog\/salario-beneficios-direitos-medico-residente\/#primaryimage","url":"https:\/\/medprovas.com.br\/blog\/wp-content\/uploads\/2019\/08\/fotos-residencias-medicas-e1680704052497.png","contentUrl":"https:\/\/medprovas.com.br\/blog\/wp-content\/uploads\/2019\/08\/fotos-residencias-medicas-e1680704052497.png","width":995,"height":560,"caption":"direitos e beneficios do m\u00e9dico resid\u00eancia"},{"@type":"BreadcrumbList","@id":"https:\/\/medprovas.com.br\/blog\/salario-beneficios-direitos-medico-residente\/#breadcrumb","itemListElement":[{"@type":"ListItem","position":1,"name":"In\u00edcio","item":"https:\/\/medprovas.com.br\/blog\/"},{"@type":"ListItem","position":2,"name":"Sal\u00e1rio, direitos e deveres do m\u00e9dico residente"}]},{"@type":"WebSite","@id":"https:\/\/medprovas.com.br\/blog\/#website","url":"https:\/\/medprovas.com.br\/blog\/","name":"MedProvas","description":"O caminho mais f\u00e1cil para a sua Resid\u00eancia M\u00e9dica","publisher":{"@id":"https:\/\/medprovas.com.br\/blog\/#organization"},"potentialAction":[{"@type":"SearchAction","target":{"@type":"EntryPoint","urlTemplate":"https:\/\/medprovas.com.br\/blog\/?s={search_term_string}"},"query-input":{"@type":"PropertyValueSpecification","valueRequired":true,"valueName":"search_term_string"}}],"inLanguage":"pt-BR"},{"@type":"Organization","@id":"https:\/\/medprovas.com.br\/blog\/#organization","name":"MedProvas","url":"https:\/\/medprovas.com.br\/blog\/","logo":{"@type":"ImageObject","inLanguage":"pt-BR","@id":"https:\/\/medprovas.com.br\/blog\/#\/schema\/logo\/image\/","url":"https:\/\/medprovas.com.br\/blog\/wp-content\/uploads\/2025\/01\/WhatsApp-Image-2024-12-09-at-16.01.57-1.jpeg","contentUrl":"https:\/\/medprovas.com.br\/blog\/wp-content\/uploads\/2025\/01\/WhatsApp-Image-2024-12-09-at-16.01.57-1.jpeg","width":1600,"height":348,"caption":"MedProvas"},"image":{"@id":"https:\/\/medprovas.com.br\/blog\/#\/schema\/logo\/image\/"},"sameAs":["https:\/\/www.facebook.com\/revisamedRM","https:\/\/x.com\/RevisamedRM","https:\/\/www.instagram.com\/medprovas_revisamed?igsh=dnk0M2N4YnB5Z2Jo","https:\/\/www.linkedin.com\/company\/revisamedrm\/mycompany\/","https:\/\/m.youtube.com\/@medprovas"]},{"@type":"Person","@id":"https:\/\/medprovas.com.br\/blog\/#\/schema\/person\/79121322845f0fd65eae5c73613d9cbe","name":"Revisamed","image":{"@type":"ImageObject","inLanguage":"pt-BR","@id":"https:\/\/medprovas.com.br\/blog\/#\/schema\/person\/image\/","url":"https:\/\/secure.gravatar.com\/avatar\/fd011dda0cae554d6925a1acdeceacbe?s=96&d=mm&r=g","contentUrl":"https:\/\/secure.gravatar.com\/avatar\/fd011dda0cae554d6925a1acdeceacbe?s=96&d=mm&r=g","caption":"Revisamed"},"url":"https:\/\/medprovas.com.br\/blog\/author\/claudia\/"}]}},"_links":{"self":[{"href":"https:\/\/medprovas.com.br\/blog\/wp-json\/wp\/v2\/posts\/15646","targetHints":{"allow":["GET"]}}],"collection":[{"href":"https:\/\/medprovas.com.br\/blog\/wp-json\/wp\/v2\/posts"}],"about":[{"href":"https:\/\/medprovas.com.br\/blog\/wp-json\/wp\/v2\/types\/post"}],"author":[{"embeddable":true,"href":"https:\/\/medprovas.com.br\/blog\/wp-json\/wp\/v2\/users\/3"}],"replies":[{"embeddable":true,"href":"https:\/\/medprovas.com.br\/blog\/wp-json\/wp\/v2\/comments?post=15646"}],"version-history":[{"count":12,"href":"https:\/\/medprovas.com.br\/blog\/wp-json\/wp\/v2\/posts\/15646\/revisions"}],"predecessor-version":[{"id":25153,"href":"https:\/\/medprovas.com.br\/blog\/wp-json\/wp\/v2\/posts\/15646\/revisions\/25153"}],"wp:featuredmedia":[{"embeddable":true,"href":"https:\/\/medprovas.com.br\/blog\/wp-json\/wp\/v2\/media\/9357"}],"wp:attachment":[{"href":"https:\/\/medprovas.com.br\/blog\/wp-json\/wp\/v2\/media?parent=15646"}],"wp:term":[{"taxonomy":"category","embeddable":true,"href":"https:\/\/medprovas.com.br\/blog\/wp-json\/wp\/v2\/categories?post=15646"},{"taxonomy":"post_tag","embeddable":true,"href":"https:\/\/medprovas.com.br\/blog\/wp-json\/wp\/v2\/tags?post=15646"}],"curies":[{"name":"wp","href":"https:\/\/api.w.org\/{rel}","templated":true}]}}