{"id":10045,"date":"2021-05-07T16:45:40","date_gmt":"2021-05-07T19:45:40","guid":{"rendered":"https:\/\/medprovas.com.br\/blog\/?p=10045"},"modified":"2023-05-24T14:35:56","modified_gmt":"2023-05-24T17:35:56","slug":"edital-prova-habilidades-clinicas-revalida","status":"publish","type":"post","link":"https:\/\/medprovas.com.br\/blog\/edital-prova-habilidades-clinicas-revalida\/","title":{"rendered":"Sai edital da Prova de Habilidades Cl\u00ednicas do Revalida 2020"},"content":{"rendered":"\n<div class=\"wp-block-image\"><figure class=\"aligncenter size-large is-resized\"><img loading=\"lazy\" decoding=\"async\" src=\"https:\/\/medprovas.com.br\/blog\/wp-content\/uploads\/2021\/05\/unicamp-divulga-edital-residencia-2021.jpeg\" alt=\"Saiu o edital da segunda fase do Revalida 2020. As inscri\u00e7\u00f5es ser\u00e3o entre 31 de maio e 04 de junho. A data da prova ainda n\u00e3o foi definida.\" class=\"wp-image-10046\" width=\"512\" height=\"342\"\/><\/figure><\/div>\n\n\n\n<p>O INEP publicou nesta sexta-feira, 07\/05,&nbsp; edital para a <strong>Prova de Habilidade Cl\u00ednicas do Revalida 2020<\/strong>. Os candidatos do Revalida, aprovados na primeira fase do exame nacional de revalida\u00e7\u00e3o do diploma m\u00e9dico, podem fazer a <strong>inscri\u00e7\u00e3o na segunda fase do Revalida entre os dias 31 de maio e 04 de junho de 2021<\/strong>.<\/p>\n\n\n\n<p>A data da <strong>prova ainda n\u00e3o est\u00e1 definida<\/strong>. Segundo o edital, a data de aplica\u00e7\u00e3o da prova <strong>ser\u00e1 divulgada at\u00e9 a abertura das inscri\u00e7\u00f5es<\/strong>, assim como os locais onde ser\u00e3o realizadas.<\/p>\n\n\n\n<p>Para fazer a segunda etapa do Revalida 2020, o candidato precisa ter sido aprovado na primeira fase. <\/p>\n\n\n\n<p>Conforme o INEP,<strong> <a href=\"https:\/\/medprovas.com.br\/blog\/noticias\/segunda-fase-revalida\/\" target=\"_blank\" rel=\"noreferrer noopener\">2.402 m\u00e9dicos formados no exterior foram aprovados na primeira fase do exame<\/a><\/strong> em dezembro. A taxa de inscri\u00e7\u00e3o para a segunda etapa do Revalida 2020 \u00e9 de R$ 3.300,00.<\/p>\n\n\n\n<div id=\"ez-toc-container\" class=\"ez-toc-v2_0_82_2 counter-flat ez-toc-counter ez-toc-custom ez-toc-container-direction\">\n<div class=\"ez-toc-title-container\">\n<p class=\"ez-toc-title\" style=\"cursor:inherit\">A seguir, voc\u00ea vai saber:<\/p>\n<span class=\"ez-toc-title-toggle\"><\/span><\/div>\n<nav><ul class='ez-toc-list ez-toc-list-level-1 ' ><li class='ez-toc-page-1'><a class=\"ez-toc-link ez-toc-heading-1\" href=\"https:\/\/medprovas.com.br\/blog\/edital-prova-habilidades-clinicas-revalida\/#Veja_o_cronograma\" >Veja o cronograma<\/a><\/li><li class='ez-toc-page-1'><a class=\"ez-toc-link ez-toc-heading-2\" href=\"https:\/\/medprovas.com.br\/blog\/edital-prova-habilidades-clinicas-revalida\/#Como_sera_a_prova\" >Como ser\u00e1 a prova<\/a><\/li><li class='ez-toc-page-1'><a class=\"ez-toc-link ez-toc-heading-3\" href=\"https:\/\/medprovas.com.br\/blog\/edital-prova-habilidades-clinicas-revalida\/#Avaliacao_da_prova_pratica_do_Revalida_envolve_situacoes-problema\" >Avalia\u00e7\u00e3o da prova pr\u00e1tica do Revalida envolve situa\u00e7\u00f5es-problema<\/a><\/li><li class='ez-toc-page-1'><a class=\"ez-toc-link ez-toc-heading-4\" href=\"https:\/\/medprovas.com.br\/blog\/edital-prova-habilidades-clinicas-revalida\/#Dez_minutos_em_cada_estacao\" >Dez minutos em cada esta\u00e7\u00e3o<\/a><\/li><li class='ez-toc-page-1'><a class=\"ez-toc-link ez-toc-heading-5\" href=\"https:\/\/medprovas.com.br\/blog\/edital-prova-habilidades-clinicas-revalida\/#Clique_e_consulte_o_edital_na_integra\" >Clique e consulte o edital na \u00edntegra.<\/a><\/li><li class='ez-toc-page-1'><a class=\"ez-toc-link ez-toc-heading-6\" href=\"https:\/\/medprovas.com.br\/blog\/edital-prova-habilidades-clinicas-revalida\/#Curso_Pratico_prepara_voce_para_a_segunda_fase_do_Revalida\" >Curso Pr\u00e1tico prepara voc\u00ea para a segunda fase do Revalida<\/a><\/li><\/ul><\/nav><\/div>\n<h2 class=\"wp-block-heading\" id=\"h-veja-o-cronograma\"><span class=\"ez-toc-section\" id=\"Veja_o_cronograma\"><\/span>Veja o cronograma<span class=\"ez-toc-section-end\"><\/span><\/h2>\n\n\n\n<figure class=\"wp-block-table is-style-regular\"><table><tbody><tr><\/tr><tr><td><strong>A\u00e7\u00e3o<\/strong><\/td><td><strong>Per\u00edodo<\/strong><\/td><\/tr><tr><td>a) Inscri\u00e7\u00e3o<\/td><td>31 de maio \u00e0s 23h59 do dia 04 de junho de 2021<\/td><\/tr><tr><td>b) Pagamento da taxa de inscri\u00e7\u00e3o<\/td><td>31 de maio a 9 de junho de 2021<\/td><\/tr><tr><td>c) Solicita\u00e7\u00e3o de Atendimento Especializado<\/td><td>31 de maio \u00e0s 23h59 do dia 04 de junho de 2021<\/td><\/tr><tr><td>d) Aplica\u00e7\u00e3o<\/td><td>Datas ser\u00e3o divulgadas at\u00e9 a abertura das inscri\u00e7\u00f5es<\/td><\/tr><tr><td>e) Resultado preliminar do Padr\u00e3o Esperado de Procedimentos (PEP)<\/td><td><\/td><\/tr><tr><td>f) Recurso \u00e0s vers\u00f5es preliminares do Padr\u00e3o Esperado de Procedimentos (PEP)<\/td><td><\/td><\/tr><tr><td>g) Resultados do recurso ao Padr\u00e3o Esperado de Procedimentos (PEP)<\/td><td><\/td><\/tr><tr><td>h) Divulga\u00e7\u00e3o do resultado preliminar da prova de habilidades cl\u00ednicas<\/td><td><\/td><\/tr><tr><td>i) Recurso ao resultado preliminar da prova de habilidades cl\u00ednicas<\/td><td><\/td><\/tr><tr><td>j) Resultados dos recursos ao resultado preliminar da prova de habilidades cl\u00ednicas<\/td><td><\/td><\/tr><tr><td>l) Resultado final<\/td><td><\/td><\/tr><tr><td>m) Indica\u00e7\u00e3o da universidade revalidadora<\/td><\/tr><\/tbody><\/table><\/figure>\n\n\n\n<h2 class=\"wp-block-heading\" id=\"h-como-sera-a-prova\"><span class=\"ez-toc-section\" id=\"Como_sera_a_prova\"><\/span>Como ser\u00e1 a prova<span class=\"ez-toc-section-end\"><\/span><\/h2>\n\n\n\n<p>A prova de habilidades cl\u00ednicas \u00e9 estruturada em um conjunto de 10 (dez) esta\u00e7\u00f5es. Nas esta\u00e7\u00f5es, o participante dever\u00e1 realizar tarefas espec\u00edficas das cinco grandes \u00e1reas de exerc\u00edcio profissional:<\/p>\n\n\n\n<ul class=\"wp-block-list\"><li>&nbsp;Cl\u00ednica M\u00e9dica<\/li><li>&nbsp;Cirurgia<\/li><li>&nbsp;Ginecologia-Obstetr\u00edcia<\/li><li>&nbsp;Pediatria;<\/li><li>&nbsp;Medicina da Fam\u00edlia e Comunidade &#8211; Sa\u00fade Coletiva.<\/li><\/ul>\n\n\n\n<p>Conforme estabelecido no edital, o&nbsp; participante percorrer\u00e1 um conjunto de <strong>05 (cinco) esta\u00e7\u00f5es no primeiro dia de prova e outras 05 (cinco) esta\u00e7\u00f5es no segundo dia de prova<\/strong>, respeitando-se o per\u00edodo descrito no cart\u00e3o de confirma\u00e7\u00e3o da inscri\u00e7\u00e3o.<\/p>\n\n\n\n<h2 class=\"wp-block-heading\" id=\"h-avaliacao-da-prova-pratica-do-revalida-envolve-situacoes-problema\"><span class=\"ez-toc-section\" id=\"Avaliacao_da_prova_pratica_do_Revalida_envolve_situacoes-problema\"><\/span>Avalia\u00e7\u00e3o da prova pr\u00e1tica do Revalida envolve situa\u00e7\u00f5es-problema<span class=\"ez-toc-section-end\"><\/span><\/h2>\n\n\n\n<p>A avalia\u00e7\u00e3o envolver\u00e1 <strong>situa\u00e7\u00f5es-problema e apresenta\u00e7\u00e3o de casos tendo como refer\u00eancia os conte\u00fados, habilidades e compet\u00eancias dos cinco grandes eixos da forma\u00e7\u00e3o e do exerc\u00edcio profissional <\/strong>e os objetos descritos na Matriz de Refer\u00eancia do Revalida.<\/p>\n\n\n\n<p>&nbsp;Cada esta\u00e7\u00e3o da prova de habilidades cl\u00ednicas <strong>ser\u00e1 pontuada de 0 (zero) a 10 (dez),<\/strong> implicando em nota m\u00e1xima de 100 (cem) pontos para o conjunto das dez esta\u00e7\u00f5es.<\/p>\n\n\n\n<p>&nbsp;A prova de habilidades cl\u00ednicas do Revalida contar\u00e1 com uma fase de supervis\u00e3o presencial da aplica\u00e7\u00e3o de prova e uma de dupla avalia\u00e7\u00e3o do participante, a saber:<\/p>\n\n\n\n<p><strong>Supervis\u00e3o Presencial<\/strong>: ocorrer\u00e1 nos dias de aplica\u00e7\u00e3o da prova pr\u00e1tica e ser\u00e1 realizada por um Chefe de Esta\u00e7\u00e3o alocado em cada esta\u00e7\u00e3o, devidamente qualificado, que garantir\u00e1 as condi\u00e7\u00f5es para a execu\u00e7\u00e3o da avalia\u00e7\u00e3o.<\/p>\n\n\n\n<p>&nbsp;<strong>Avalia\u00e7\u00e3o<\/strong>: ser\u00e1 executada por dois avaliadores a partir das filmagens realizadas nos dois dias de aplica\u00e7\u00e3o do Exame.<\/p>\n\n\n\n<h2 class=\"wp-block-heading\" id=\"h-dez-minutos-em-cada-estacao\"><span class=\"ez-toc-section\" id=\"Dez_minutos_em_cada_estacao\"><\/span>Dez minutos em cada esta\u00e7\u00e3o<span class=\"ez-toc-section-end\"><\/span><\/h2>\n\n\n\n<p>&nbsp;Em cada esta\u00e7\u00e3o, os participantes dispor\u00e3o de 10 (dez) minutos para realizar as tarefas exigidas, seguindo as orienta\u00e7\u00f5es do Chefe de Esta\u00e7\u00e3o, caso essas existam. Com isto, os participantes ter\u00e3o em cada dia cerca de 50 minutos para concluir o teste.<\/p>\n\n\n\n<p>&nbsp;As habilidades a serem avaliadas em cada esta\u00e7\u00e3o ser\u00e3o aferidas por m\u00e9dicos examinadores, devidamente capacitados, por meio dos v\u00eddeos de provas, utilizando instrumento de avalia\u00e7\u00e3o que detalha o desempenho esperado, permitindo a aplica\u00e7\u00e3o de um escore e a defini\u00e7\u00e3o de um padr\u00e3o adequado de desempenho do participante.<\/p>\n\n\n\n<p>Participantes da 2\u00aa etapa ser\u00e3o divididos em dois grupos, &nbsp;que far\u00e3o as provas em 2 per\u00edodos distintos. De acordo com o INEP, devido ao contexto pand\u00eamico, os locais de aplica\u00e7\u00e3o da 2\u00aa etapa do Revalida 2020 ser\u00e3o divulgados at\u00e9 a abertura das inscri\u00e7\u00f5es. Veja como ser\u00e1:<\/p>\n\n\n\n<figure class=\"wp-block-table\"><table><tbody><tr><td><\/td><\/tr><tr><td><strong>Aplica\u00e7\u00e3o da 2\u00aa etapa<\/strong><\/td><td><strong>1\u00ba dia<\/strong><\/td><td><strong>2\u00ba dia<\/strong><\/td><\/tr><tr><td><strong>1\u00ba per\u00edodo<\/strong><\/td><\/tr><tr><td>a) Abertura dos port\u00f5es (1\u00ba per\u00edodo)<\/td><td>13h<\/td><td>13h<\/td><\/tr><tr><td>b) Fechamento dos port\u00f5es (1\u00ba per\u00edodo)<\/td><td>14h<\/td><td>14h<\/td><\/tr><tr><td>c) In\u00edcio das provas (1\u00ba per\u00edodo)<\/td><td>14h10<\/td><td>14h10<\/td><\/tr><tr><td>d) Sa\u00edda ap\u00f3s t\u00e9rmino das provas (1\u00ba per\u00edodo)<\/td><td>A partir das 17h<\/td><td>A partir das 17h<\/td><\/tr><tr><td><strong>2\u00ba per\u00edodo<\/strong><\/td><\/tr><tr><td>e) Abertura dos port\u00f5es (2\u00ba per\u00edodo)<\/td><td>16h<\/td><td>16h<\/td><\/tr><tr><td>f) Fechamento dos port\u00f5es (2\u00ba per\u00edodo)<\/td><td>17h<\/td><td>17h<\/td><\/tr><tr><td>g) In\u00edcio das provas (2\u00ba per\u00edodo)<\/td><td>17h10<\/td><td>17h10<\/td><\/tr><tr><td>h) Sa\u00edda ap\u00f3s t\u00e9rmino das provas (2\u00ba per\u00edodo)<\/td><td>A partir da finaliza\u00e7\u00e3o da prova<\/td><td>A partir da finaliza\u00e7\u00e3o da prova<\/td><\/tr><\/tbody><\/table><\/figure>\n\n\n\n<h3 class=\"has-text-align-center wp-block-heading\" id=\"h-clique-e-consulte-o-edital-na-integra\"><span class=\"ez-toc-section\" id=\"Clique_e_consulte_o_edital_na_integra\"><\/span><strong><a href=\"https:\/\/medprovas.com.br\/blog\/wp-content\/uploads\/2021\/05\/EDITAL-No-20-DE-6-DE-MAIO-DE-2021-EDITAL-No-20-DE-6-DE-MAIO-DE-2021-DOU-Imprensa-Nacional_-prova-prativa.pdf\" target=\"_blank\" rel=\"noreferrer noopener\">Clique e consulte o edital na \u00edntegra.<\/a><\/strong><span class=\"ez-toc-section-end\"><\/span><\/h3>\n\n\n\n<h2 class=\"wp-block-heading\" id=\"h-curso-pratico-prepara-voce-para-a-segunda-fase-do-revalida\"><span class=\"ez-toc-section\" id=\"Curso_Pratico_prepara_voce_para_a_segunda_fase_do_Revalida\"><\/span>Curso Pr\u00e1tico prepara voc\u00ea para a segunda fase do Revalida<span class=\"ez-toc-section-end\"><\/span><\/h2>\n\n\n\n<p>Se voc\u00ea ainda n\u00e3o se preparou para a prova pr\u00e1tica do Revalida, ainda d\u00e1 tempo. O Revisamed-Revisional em Medicina oferece imers\u00e3o de tr\u00eas dias para voc\u00ea treinar nas esta\u00e7\u00f5es, conforme exigido pelo edital. Outra op\u00e7\u00e3o \u00e9 a imers\u00e3o de um dia, onde voc\u00ea aprende os procedimentos pr\u00e1ticos da medicina intensiva. Clique aqui e confira o <a href=\"https:\/\/revalida.revisamed.com.br\/\" target=\"_blank\" rel=\"noreferrer noopener\">Curso de Procedimentos e Habilidades Cl\u00ednicas do Revisamed.<\/a> Veja o video abaixo sobre o curso:<\/p>\n\n\n\n<figure class=\"wp-block-embed is-type-video is-provider-youtube wp-block-embed-youtube wp-embed-aspect-16-9 wp-has-aspect-ratio\"><div class=\"wp-block-embed__wrapper\">\n<iframe loading=\"lazy\" title=\"Treinamento para Provas de Habilidades Cl\u00ednica | Prova Pr\u00e1tica - Medicina\" width=\"640\" height=\"360\" src=\"https:\/\/www.youtube.com\/embed\/LZZvLcwF6Sg?feature=oembed\" frameborder=\"0\" allow=\"accelerometer; autoplay; clipboard-write; encrypted-media; gyroscope; picture-in-picture; web-share\" referrerpolicy=\"strict-origin-when-cross-origin\" allowfullscreen><\/iframe>\n<\/div><\/figure>\n","protected":false},"excerpt":{"rendered":"<p>Saiu o edital da 2\u00aa fase do Revalida 2020. As inscri\u00e7\u00f5es ser\u00e3o entre 31 de maio e 04 de junho. A data da prova ainda n\u00e3o foi definida.<\/p>\n","protected":false},"author":3,"featured_media":10046,"comment_status":"open","ping_status":"open","sticky":false,"template":"","format":"standard","meta":{"_acf_changed":false,"footnotes":""},"categories":[7],"tags":[],"class_list":["post-10045","post","type-post","status-publish","format-standard","has-post-thumbnail","hentry","category-noticias"],"acf":[],"gutentor_comment":1,"yoast_head":"<!-- This site is optimized with the Yoast SEO Premium plugin v25.5 (Yoast SEO v25.5) - https:\/\/yoast.com\/wordpress\/plugins\/seo\/ -->\n<title>Sai edital da 2\u00aa fase do Revalida 2020 - MedProvas<\/title>\n<meta name=\"description\" content=\"Saiu o edital da prova de habilidade Revalida 2020. As inscri\u00e7\u00f5es ser\u00e3o entre 31 de maio e 04 de junho. A data da prova n\u00e3o foi definida.\" \/>\n<meta name=\"robots\" content=\"index, follow, max-snippet:-1, max-image-preview:large, max-video-preview:-1\" \/>\n<link rel=\"canonical\" href=\"https:\/\/medprovas.com.br\/blog\/edital-prova-habilidades-clinicas-revalida\/\" \/>\n<meta property=\"og:locale\" content=\"pt_BR\" \/>\n<meta property=\"og:type\" content=\"article\" \/>\n<meta property=\"og:title\" content=\"Sai edital da Prova de Habilidades Cl\u00ednicas do Revalida 2020\" \/>\n<meta property=\"og:description\" content=\"Saiu o edital da prova de habilidade Revalida 2020. As inscri\u00e7\u00f5es ser\u00e3o entre 31 de maio e 04 de junho. A data da prova n\u00e3o foi definida.\" \/>\n<meta property=\"og:url\" content=\"https:\/\/medprovas.com.br\/blog\/edital-prova-habilidades-clinicas-revalida\/\" \/>\n<meta property=\"og:site_name\" content=\"MedProvas\" \/>\n<meta property=\"article:publisher\" content=\"https:\/\/www.facebook.com\/revisamedRM\" \/>\n<meta property=\"article:published_time\" content=\"2021-05-07T19:45:40+00:00\" \/>\n<meta property=\"article:modified_time\" content=\"2023-05-24T17:35:56+00:00\" \/>\n<meta property=\"og:image\" content=\"https:\/\/medprovas.com.br\/blog\/wp-content\/uploads\/2021\/05\/unicamp-divulga-edital-residencia-2021-e1624620823947.jpeg\" \/>\n\t<meta property=\"og:image:width\" content=\"801\" \/>\n\t<meta property=\"og:image:height\" content=\"442\" \/>\n\t<meta property=\"og:image:type\" content=\"image\/jpeg\" \/>\n<meta name=\"author\" content=\"Revisamed\" \/>\n<meta name=\"twitter:card\" content=\"summary_large_image\" \/>\n<meta name=\"twitter:creator\" content=\"@RevisamedRM\" \/>\n<meta name=\"twitter:site\" content=\"@RevisamedRM\" \/>\n<meta name=\"twitter:label1\" content=\"Escrito por\" \/>\n\t<meta name=\"twitter:data1\" content=\"Revisamed\" \/>\n\t<meta name=\"twitter:label2\" content=\"Est. tempo de leitura\" \/>\n\t<meta name=\"twitter:data2\" content=\"5 minutos\" \/>\n<script type=\"application\/ld+json\" class=\"yoast-schema-graph\">{\"@context\":\"https:\/\/schema.org\",\"@graph\":[{\"@type\":\"Article\",\"@id\":\"https:\/\/medprovas.com.br\/blog\/edital-prova-habilidades-clinicas-revalida\/#article\",\"isPartOf\":{\"@id\":\"https:\/\/medprovas.com.br\/blog\/edital-prova-habilidades-clinicas-revalida\/\"},\"author\":{\"name\":\"Revisamed\",\"@id\":\"https:\/\/medprovas.com.br\/blog\/#\/schema\/person\/79121322845f0fd65eae5c73613d9cbe\"},\"headline\":\"Sai edital da Prova de Habilidades Cl\u00ednicas do Revalida 2020\",\"datePublished\":\"2021-05-07T19:45:40+00:00\",\"dateModified\":\"2023-05-24T17:35:56+00:00\",\"mainEntityOfPage\":{\"@id\":\"https:\/\/medprovas.com.br\/blog\/edital-prova-habilidades-clinicas-revalida\/\"},\"wordCount\":932,\"commentCount\":1,\"publisher\":{\"@id\":\"https:\/\/medprovas.com.br\/blog\/#organization\"},\"image\":{\"@id\":\"https:\/\/medprovas.com.br\/blog\/edital-prova-habilidades-clinicas-revalida\/#primaryimage\"},\"thumbnailUrl\":\"https:\/\/medprovas.com.br\/blog\/wp-content\/uploads\/2021\/05\/unicamp-divulga-edital-residencia-2021-e1624620823947.jpeg\",\"articleSection\":[\"Not\u00edcias\"],\"inLanguage\":\"pt-BR\",\"potentialAction\":[{\"@type\":\"CommentAction\",\"name\":\"Comment\",\"target\":[\"https:\/\/medprovas.com.br\/blog\/edital-prova-habilidades-clinicas-revalida\/#respond\"]}]},{\"@type\":\"WebPage\",\"@id\":\"https:\/\/medprovas.com.br\/blog\/edital-prova-habilidades-clinicas-revalida\/\",\"url\":\"https:\/\/medprovas.com.br\/blog\/edital-prova-habilidades-clinicas-revalida\/\",\"name\":\"Sai edital da 2\u00aa fase do Revalida 2020 - MedProvas\",\"isPartOf\":{\"@id\":\"https:\/\/medprovas.com.br\/blog\/#website\"},\"primaryImageOfPage\":{\"@id\":\"https:\/\/medprovas.com.br\/blog\/edital-prova-habilidades-clinicas-revalida\/#primaryimage\"},\"image\":{\"@id\":\"https:\/\/medprovas.com.br\/blog\/edital-prova-habilidades-clinicas-revalida\/#primaryimage\"},\"thumbnailUrl\":\"https:\/\/medprovas.com.br\/blog\/wp-content\/uploads\/2021\/05\/unicamp-divulga-edital-residencia-2021-e1624620823947.jpeg\",\"datePublished\":\"2021-05-07T19:45:40+00:00\",\"dateModified\":\"2023-05-24T17:35:56+00:00\",\"description\":\"Saiu o edital da prova de habilidade Revalida 2020. As inscri\u00e7\u00f5es ser\u00e3o entre 31 de maio e 04 de junho. A data da prova n\u00e3o foi definida.\",\"breadcrumb\":{\"@id\":\"https:\/\/medprovas.com.br\/blog\/edital-prova-habilidades-clinicas-revalida\/#breadcrumb\"},\"inLanguage\":\"pt-BR\",\"potentialAction\":[{\"@type\":\"ReadAction\",\"target\":[\"https:\/\/medprovas.com.br\/blog\/edital-prova-habilidades-clinicas-revalida\/\"]}]},{\"@type\":\"ImageObject\",\"inLanguage\":\"pt-BR\",\"@id\":\"https:\/\/medprovas.com.br\/blog\/edital-prova-habilidades-clinicas-revalida\/#primaryimage\",\"url\":\"https:\/\/medprovas.com.br\/blog\/wp-content\/uploads\/2021\/05\/unicamp-divulga-edital-residencia-2021-e1624620823947.jpeg\",\"contentUrl\":\"https:\/\/medprovas.com.br\/blog\/wp-content\/uploads\/2021\/05\/unicamp-divulga-edital-residencia-2021-e1624620823947.jpeg\",\"width\":801,\"height\":442},{\"@type\":\"BreadcrumbList\",\"@id\":\"https:\/\/medprovas.com.br\/blog\/edital-prova-habilidades-clinicas-revalida\/#breadcrumb\",\"itemListElement\":[{\"@type\":\"ListItem\",\"position\":1,\"name\":\"In\u00edcio\",\"item\":\"https:\/\/medprovas.com.br\/blog\/\"},{\"@type\":\"ListItem\",\"position\":2,\"name\":\"Sai edital da Prova de Habilidades Cl\u00ednicas do Revalida 2020\"}]},{\"@type\":\"WebSite\",\"@id\":\"https:\/\/medprovas.com.br\/blog\/#website\",\"url\":\"https:\/\/medprovas.com.br\/blog\/\",\"name\":\"MedProvas\",\"description\":\"O caminho mais f\u00e1cil para a sua Resid\u00eancia M\u00e9dica\",\"publisher\":{\"@id\":\"https:\/\/medprovas.com.br\/blog\/#organization\"},\"potentialAction\":[{\"@type\":\"SearchAction\",\"target\":{\"@type\":\"EntryPoint\",\"urlTemplate\":\"https:\/\/medprovas.com.br\/blog\/?s={search_term_string}\"},\"query-input\":{\"@type\":\"PropertyValueSpecification\",\"valueRequired\":true,\"valueName\":\"search_term_string\"}}],\"inLanguage\":\"pt-BR\"},{\"@type\":\"Organization\",\"@id\":\"https:\/\/medprovas.com.br\/blog\/#organization\",\"name\":\"MedProvas\",\"url\":\"https:\/\/medprovas.com.br\/blog\/\",\"logo\":{\"@type\":\"ImageObject\",\"inLanguage\":\"pt-BR\",\"@id\":\"https:\/\/medprovas.com.br\/blog\/#\/schema\/logo\/image\/\",\"url\":\"https:\/\/medprovas.com.br\/blog\/wp-content\/uploads\/2025\/01\/WhatsApp-Image-2024-12-09-at-16.01.57-1.jpeg\",\"contentUrl\":\"https:\/\/medprovas.com.br\/blog\/wp-content\/uploads\/2025\/01\/WhatsApp-Image-2024-12-09-at-16.01.57-1.jpeg\",\"width\":1600,\"height\":348,\"caption\":\"MedProvas\"},\"image\":{\"@id\":\"https:\/\/medprovas.com.br\/blog\/#\/schema\/logo\/image\/\"},\"sameAs\":[\"https:\/\/www.facebook.com\/revisamedRM\",\"https:\/\/x.com\/RevisamedRM\",\"https:\/\/www.instagram.com\/medprovas_revisamed?igsh=dnk0M2N4YnB5Z2Jo\",\"https:\/\/www.linkedin.com\/company\/revisamedrm\/mycompany\/\",\"https:\/\/m.youtube.com\/@medprovas\"]},{\"@type\":\"Person\",\"@id\":\"https:\/\/medprovas.com.br\/blog\/#\/schema\/person\/79121322845f0fd65eae5c73613d9cbe\",\"name\":\"Revisamed\",\"image\":{\"@type\":\"ImageObject\",\"inLanguage\":\"pt-BR\",\"@id\":\"https:\/\/medprovas.com.br\/blog\/#\/schema\/person\/image\/\",\"url\":\"https:\/\/secure.gravatar.com\/avatar\/fd011dda0cae554d6925a1acdeceacbe?s=96&d=mm&r=g\",\"contentUrl\":\"https:\/\/secure.gravatar.com\/avatar\/fd011dda0cae554d6925a1acdeceacbe?s=96&d=mm&r=g\",\"caption\":\"Revisamed\"},\"url\":\"https:\/\/medprovas.com.br\/blog\/author\/claudia\/\"}]}<\/script>\n<!-- \/ Yoast SEO Premium plugin. -->","yoast_head_json":{"title":"Sai edital da 2\u00aa fase do Revalida 2020 - MedProvas","description":"Saiu o edital da prova de habilidade Revalida 2020. As inscri\u00e7\u00f5es ser\u00e3o entre 31 de maio e 04 de junho. A data da prova n\u00e3o foi definida.","robots":{"index":"index","follow":"follow","max-snippet":"max-snippet:-1","max-image-preview":"max-image-preview:large","max-video-preview":"max-video-preview:-1"},"canonical":"https:\/\/medprovas.com.br\/blog\/edital-prova-habilidades-clinicas-revalida\/","og_locale":"pt_BR","og_type":"article","og_title":"Sai edital da Prova de Habilidades Cl\u00ednicas do Revalida 2020","og_description":"Saiu o edital da prova de habilidade Revalida 2020. As inscri\u00e7\u00f5es ser\u00e3o entre 31 de maio e 04 de junho. A data da prova n\u00e3o foi definida.","og_url":"https:\/\/medprovas.com.br\/blog\/edital-prova-habilidades-clinicas-revalida\/","og_site_name":"MedProvas","article_publisher":"https:\/\/www.facebook.com\/revisamedRM","article_published_time":"2021-05-07T19:45:40+00:00","article_modified_time":"2023-05-24T17:35:56+00:00","og_image":[{"width":801,"height":442,"url":"https:\/\/medprovas.com.br\/blog\/wp-content\/uploads\/2021\/05\/unicamp-divulga-edital-residencia-2021-e1624620823947.jpeg","type":"image\/jpeg"}],"author":"Revisamed","twitter_card":"summary_large_image","twitter_creator":"@RevisamedRM","twitter_site":"@RevisamedRM","twitter_misc":{"Escrito por":"Revisamed","Est. tempo de leitura":"5 minutos"},"schema":{"@context":"https:\/\/schema.org","@graph":[{"@type":"Article","@id":"https:\/\/medprovas.com.br\/blog\/edital-prova-habilidades-clinicas-revalida\/#article","isPartOf":{"@id":"https:\/\/medprovas.com.br\/blog\/edital-prova-habilidades-clinicas-revalida\/"},"author":{"name":"Revisamed","@id":"https:\/\/medprovas.com.br\/blog\/#\/schema\/person\/79121322845f0fd65eae5c73613d9cbe"},"headline":"Sai edital da Prova de Habilidades Cl\u00ednicas do Revalida 2020","datePublished":"2021-05-07T19:45:40+00:00","dateModified":"2023-05-24T17:35:56+00:00","mainEntityOfPage":{"@id":"https:\/\/medprovas.com.br\/blog\/edital-prova-habilidades-clinicas-revalida\/"},"wordCount":932,"commentCount":1,"publisher":{"@id":"https:\/\/medprovas.com.br\/blog\/#organization"},"image":{"@id":"https:\/\/medprovas.com.br\/blog\/edital-prova-habilidades-clinicas-revalida\/#primaryimage"},"thumbnailUrl":"https:\/\/medprovas.com.br\/blog\/wp-content\/uploads\/2021\/05\/unicamp-divulga-edital-residencia-2021-e1624620823947.jpeg","articleSection":["Not\u00edcias"],"inLanguage":"pt-BR","potentialAction":[{"@type":"CommentAction","name":"Comment","target":["https:\/\/medprovas.com.br\/blog\/edital-prova-habilidades-clinicas-revalida\/#respond"]}]},{"@type":"WebPage","@id":"https:\/\/medprovas.com.br\/blog\/edital-prova-habilidades-clinicas-revalida\/","url":"https:\/\/medprovas.com.br\/blog\/edital-prova-habilidades-clinicas-revalida\/","name":"Sai edital da 2\u00aa fase do Revalida 2020 - MedProvas","isPartOf":{"@id":"https:\/\/medprovas.com.br\/blog\/#website"},"primaryImageOfPage":{"@id":"https:\/\/medprovas.com.br\/blog\/edital-prova-habilidades-clinicas-revalida\/#primaryimage"},"image":{"@id":"https:\/\/medprovas.com.br\/blog\/edital-prova-habilidades-clinicas-revalida\/#primaryimage"},"thumbnailUrl":"https:\/\/medprovas.com.br\/blog\/wp-content\/uploads\/2021\/05\/unicamp-divulga-edital-residencia-2021-e1624620823947.jpeg","datePublished":"2021-05-07T19:45:40+00:00","dateModified":"2023-05-24T17:35:56+00:00","description":"Saiu o edital da prova de habilidade Revalida 2020. As inscri\u00e7\u00f5es ser\u00e3o entre 31 de maio e 04 de junho. A data da prova n\u00e3o foi definida.","breadcrumb":{"@id":"https:\/\/medprovas.com.br\/blog\/edital-prova-habilidades-clinicas-revalida\/#breadcrumb"},"inLanguage":"pt-BR","potentialAction":[{"@type":"ReadAction","target":["https:\/\/medprovas.com.br\/blog\/edital-prova-habilidades-clinicas-revalida\/"]}]},{"@type":"ImageObject","inLanguage":"pt-BR","@id":"https:\/\/medprovas.com.br\/blog\/edital-prova-habilidades-clinicas-revalida\/#primaryimage","url":"https:\/\/medprovas.com.br\/blog\/wp-content\/uploads\/2021\/05\/unicamp-divulga-edital-residencia-2021-e1624620823947.jpeg","contentUrl":"https:\/\/medprovas.com.br\/blog\/wp-content\/uploads\/2021\/05\/unicamp-divulga-edital-residencia-2021-e1624620823947.jpeg","width":801,"height":442},{"@type":"BreadcrumbList","@id":"https:\/\/medprovas.com.br\/blog\/edital-prova-habilidades-clinicas-revalida\/#breadcrumb","itemListElement":[{"@type":"ListItem","position":1,"name":"In\u00edcio","item":"https:\/\/medprovas.com.br\/blog\/"},{"@type":"ListItem","position":2,"name":"Sai edital da Prova de Habilidades Cl\u00ednicas do Revalida 2020"}]},{"@type":"WebSite","@id":"https:\/\/medprovas.com.br\/blog\/#website","url":"https:\/\/medprovas.com.br\/blog\/","name":"MedProvas","description":"O caminho mais f\u00e1cil para a sua Resid\u00eancia M\u00e9dica","publisher":{"@id":"https:\/\/medprovas.com.br\/blog\/#organization"},"potentialAction":[{"@type":"SearchAction","target":{"@type":"EntryPoint","urlTemplate":"https:\/\/medprovas.com.br\/blog\/?s={search_term_string}"},"query-input":{"@type":"PropertyValueSpecification","valueRequired":true,"valueName":"search_term_string"}}],"inLanguage":"pt-BR"},{"@type":"Organization","@id":"https:\/\/medprovas.com.br\/blog\/#organization","name":"MedProvas","url":"https:\/\/medprovas.com.br\/blog\/","logo":{"@type":"ImageObject","inLanguage":"pt-BR","@id":"https:\/\/medprovas.com.br\/blog\/#\/schema\/logo\/image\/","url":"https:\/\/medprovas.com.br\/blog\/wp-content\/uploads\/2025\/01\/WhatsApp-Image-2024-12-09-at-16.01.57-1.jpeg","contentUrl":"https:\/\/medprovas.com.br\/blog\/wp-content\/uploads\/2025\/01\/WhatsApp-Image-2024-12-09-at-16.01.57-1.jpeg","width":1600,"height":348,"caption":"MedProvas"},"image":{"@id":"https:\/\/medprovas.com.br\/blog\/#\/schema\/logo\/image\/"},"sameAs":["https:\/\/www.facebook.com\/revisamedRM","https:\/\/x.com\/RevisamedRM","https:\/\/www.instagram.com\/medprovas_revisamed?igsh=dnk0M2N4YnB5Z2Jo","https:\/\/www.linkedin.com\/company\/revisamedrm\/mycompany\/","https:\/\/m.youtube.com\/@medprovas"]},{"@type":"Person","@id":"https:\/\/medprovas.com.br\/blog\/#\/schema\/person\/79121322845f0fd65eae5c73613d9cbe","name":"Revisamed","image":{"@type":"ImageObject","inLanguage":"pt-BR","@id":"https:\/\/medprovas.com.br\/blog\/#\/schema\/person\/image\/","url":"https:\/\/secure.gravatar.com\/avatar\/fd011dda0cae554d6925a1acdeceacbe?s=96&d=mm&r=g","contentUrl":"https:\/\/secure.gravatar.com\/avatar\/fd011dda0cae554d6925a1acdeceacbe?s=96&d=mm&r=g","caption":"Revisamed"},"url":"https:\/\/medprovas.com.br\/blog\/author\/claudia\/"}]}},"_links":{"self":[{"href":"https:\/\/medprovas.com.br\/blog\/wp-json\/wp\/v2\/posts\/10045","targetHints":{"allow":["GET"]}}],"collection":[{"href":"https:\/\/medprovas.com.br\/blog\/wp-json\/wp\/v2\/posts"}],"about":[{"href":"https:\/\/medprovas.com.br\/blog\/wp-json\/wp\/v2\/types\/post"}],"author":[{"embeddable":true,"href":"https:\/\/medprovas.com.br\/blog\/wp-json\/wp\/v2\/users\/3"}],"replies":[{"embeddable":true,"href":"https:\/\/medprovas.com.br\/blog\/wp-json\/wp\/v2\/comments?post=10045"}],"version-history":[{"count":4,"href":"https:\/\/medprovas.com.br\/blog\/wp-json\/wp\/v2\/posts\/10045\/revisions"}],"predecessor-version":[{"id":25655,"href":"https:\/\/medprovas.com.br\/blog\/wp-json\/wp\/v2\/posts\/10045\/revisions\/25655"}],"wp:featuredmedia":[{"embeddable":true,"href":"https:\/\/medprovas.com.br\/blog\/wp-json\/wp\/v2\/media\/10046"}],"wp:attachment":[{"href":"https:\/\/medprovas.com.br\/blog\/wp-json\/wp\/v2\/media?parent=10045"}],"wp:term":[{"taxonomy":"category","embeddable":true,"href":"https:\/\/medprovas.com.br\/blog\/wp-json\/wp\/v2\/categories?post=10045"},{"taxonomy":"post_tag","embeddable":true,"href":"https:\/\/medprovas.com.br\/blog\/wp-json\/wp\/v2\/tags?post=10045"}],"curies":[{"name":"wp","href":"https:\/\/api.w.org\/{rel}","templated":true}]}}